{"id":20858,"date":"2023-02-18T20:07:37","date_gmt":"2023-02-18T18:07:37","guid":{"rendered":"https:\/\/fcliege.be\/fr\/?p=20858"},"modified":"2023-03-04T18:30:00","modified_gmt":"2023-03-04T16:30:00","slug":"interview-la-parole-a-jonathan-dostilio","status":"publish","type":"post","link":"https:\/\/fcliege.be\/fr\/interview-la-parole-a-jonathan-dostilio\/","title":{"rendered":"Interview | La parole \u00e0 Jonathan D&rsquo;Ostilio"},"content":{"rendered":"\n<p><\/p>\n\n\n\n<p><strong>L&rsquo;interview de la semaine, en compagnie de Jonathan D&rsquo;Ostilio<\/strong><\/p>\n\n\n\n<p><strong>Vous allez prester votre 200e match sous les couleurs du RFCL \u00e0 l\u2019occasion de la rencontre contre l\u2019Antwerp U23. Allez-vous marquer un petit but et d\u00e9crocher la victoire pour f\u00eater cela ?<\/strong><\/p>\n\n\n\n<p>Marquer un but est secondaire ! Notre objectif commun est avant tout la mont\u00e9e et pour cela il faudra gagner dimanche. Si nous arrivons \u00e0 d\u00e9crocher les 3 points, je serai d\u00e9j\u00e0 tr\u00e8s heureux.<\/p>\n\n\n\n<p><strong>En dehors du terrain, aviez-vous pr\u00e9vu quelque chose avec les supporters Sang et Marine ?<\/strong><\/p>\n\n\n\n<p>Oui, ils ont organis\u00e9 une petite f\u00eate en mon honneur. Cela me touche \u00e9norm\u00e9ment et je les en remercie du fond du c\u0153ur.<\/p>\n\n\n\n<p><strong>L&rsquo;Antwerp U23 est la seule \u00e9quipe \u00e0 avoir battu le RFCL au 1er tour. Par cons\u00e9quent, redoutez-vous particuli\u00e8rement la rencontre de dimanche ou est-ce que cela vous motive davantage ?<\/strong><\/p>\n\n\n\n<p>Je ne pense pas que nous devions prendre ce match comme une revanche. Il faut au contraire rester focalis\u00e9 sur la continuit\u00e9 de notre travail, comme c\u2019est le cas depuis le d\u00e9but de la saison. Il s\u2019agit d\u2019une jeune formation qui a donc moins d\u2019exp\u00e9rience que notre \u00e9quipe. Il faut tirer les le\u00e7ons du match aller et profiter du fait de jouer devant nos supporters. Ainsi, on pourra imposer notre jeu pour gagner.<\/p>\n\n\n\n<p><strong>9 des 15 derni\u00e8res rencontres se joueront \u00e0 Rocourt. L\u2019occasion id\u00e9ale d\u2019engranger les points en vue de rester dans le top 3 ?<\/strong><\/p>\n\n\n\n<p>En effet, notre calendrier est d\u00e9sormais un peu plus favorable avec pas mal de matchs \u00e0 domicile. C\u2019est dans ce contexte que nous devrons faire la diff\u00e9rence. Jouer sur notre terrain, devant nos supporters, est un avantage. A nous d\u2019en profiter pour aller au bout !<\/p>\n\n\n\n<figure class=\"wp-block-image size-large\"><img decoding=\"async\" loading=\"lazy\" width=\"1024\" height=\"1024\" src=\"https:\/\/fcliege.be\/fr\/wp-content\/uploads\/2023\/02\/dostilio-1024x1024.jpg\" alt=\"\" class=\"wp-image-20906\" srcset=\"https:\/\/fcliege.be\/fr\/wp-content\/uploads\/2023\/02\/dostilio-1024x1024.jpg 1024w, https:\/\/fcliege.be\/fr\/wp-content\/uploads\/2023\/02\/dostilio-300x300.jpg 300w, https:\/\/fcliege.be\/fr\/wp-content\/uploads\/2023\/02\/dostilio-150x150.jpg 150w, https:\/\/fcliege.be\/fr\/wp-content\/uploads\/2023\/02\/dostilio-768x768.jpg 768w, https:\/\/fcliege.be\/fr\/wp-content\/uploads\/2023\/02\/dostilio-1536x1536.jpg 1536w, https:\/\/fcliege.be\/fr\/wp-content\/uploads\/2023\/02\/dostilio.jpg 1920w\" sizes=\"(max-width: 1024px) 100vw, 1024px\" \/><\/figure>\n","protected":false},"excerpt":{"rendered":"<p>L&rsquo;interview de la semaine, en compagnie de Jonathan D&rsquo;Ostilio Vous allez prester votre 200e match sous les couleurs du RFCL \u00e0 l\u2019occasion de la rencontre contre l\u2019Antwerp U23. Allez-vous marquer un petit but et d\u00e9crocher la victoire pour f\u00eater cela ? Marquer un but est secondaire ! Notre objectif commun est avant tout la mont\u00e9e [&hellip;]<\/p>\n","protected":false},"author":12,"featured_media":20900,"comment_status":"closed","ping_status":"closed","sticky":false,"template":"","format":"standard","meta":{"iawp_total_views":0},"categories":[1,24],"tags":[],"_links":{"self":[{"href":"https:\/\/fcliege.be\/fr\/wp-json\/wp\/v2\/posts\/20858"}],"collection":[{"href":"https:\/\/fcliege.be\/fr\/wp-json\/wp\/v2\/posts"}],"about":[{"href":"https:\/\/fcliege.be\/fr\/wp-json\/wp\/v2\/types\/post"}],"author":[{"embeddable":true,"href":"https:\/\/fcliege.be\/fr\/wp-json\/wp\/v2\/users\/12"}],"replies":[{"embeddable":true,"href":"https:\/\/fcliege.be\/fr\/wp-json\/wp\/v2\/comments?post=20858"}],"version-history":[{"count":5,"href":"https:\/\/fcliege.be\/fr\/wp-json\/wp\/v2\/posts\/20858\/revisions"}],"predecessor-version":[{"id":21098,"href":"https:\/\/fcliege.be\/fr\/wp-json\/wp\/v2\/posts\/20858\/revisions\/21098"}],"wp:featuredmedia":[{"embeddable":true,"href":"https:\/\/fcliege.be\/fr\/wp-json\/wp\/v2\/media\/20900"}],"wp:attachment":[{"href":"https:\/\/fcliege.be\/fr\/wp-json\/wp\/v2\/media?parent=20858"}],"wp:term":[{"taxonomy":"category","embeddable":true,"href":"https:\/\/fcliege.be\/fr\/wp-json\/wp\/v2\/categories?post=20858"},{"taxonomy":"post_tag","embeddable":true,"href":"https:\/\/fcliege.be\/fr\/wp-json\/wp\/v2\/tags?post=20858"}],"curies":[{"name":"wp","href":"https:\/\/api.w.org\/{rel}","templated":true}]}}