{"id":20862,"date":"2023-02-14T17:17:04","date_gmt":"2023-02-14T15:17:04","guid":{"rendered":"https:\/\/fcliege.be\/fr\/?p=20862"},"modified":"2023-02-14T17:29:09","modified_gmt":"2023-02-14T15:29:09","slug":"ohl-olympic-le-rfcl-obtient-gain-de-cause","status":"publish","type":"post","link":"https:\/\/fcliege.be\/fr\/ohl-olympic-le-rfcl-obtient-gain-de-cause\/","title":{"rendered":"OHL-Olympic | Le RFCL obtient gain de cause"},"content":{"rendered":"\n<p><\/p>\n\n\n\n<h4 class=\"wp-block-heading\"><strong>OHL-Olympic : le RFCL obtient gain de cause devant le Comit\u00e9 d\u2019Appel<\/strong>.<\/h4>\n\n\n\n<p><\/p>\n\n\n\n<p>L\u2019\u00e9quipe U23 de <strong>OHL <\/strong>et <strong>l\u2019Olympic <\/strong>avaient fait match nul (2-2) le 26\/11\/2022. L\u2019Olympic avait cependant d\u00e9pos\u00e9 r\u00e9clamation au motif que l\u2019OHL n\u2019avait pas respect\u00e9 une r\u00e8gle imposant aux \u00e9quipes U23 d\u2019aligner au minimum la moiti\u00e9 de \u00ab\u00a0joueurs form\u00e9s au club\u00a0\u00bb.<\/p>\n\n\n\n<p>Le Comit\u00e9 Sportif, en 1\u00e8re instance, avait fait droit \u00e0 la r\u00e9clamation et sanctionn\u00e9 la violation du r\u00e8glement en d\u00e9cr\u00e9tant le forfait au b\u00e9n\u00e9fice de l\u2019Olympic qui obtenait ainsi 2 points de plus que celui du match nul.<\/p>\n\n\n\n<p>Le RFCL avait interjet\u00e9 appel de cette d\u00e9cision et notre directeur g\u00e9n\u00e9ral a plaid\u00e9 ce dossier le 2 f\u00e9vrier dernier. Conform\u00e9ment \u00e0 sa demande, la sanction retenue contre OHL est finalement une amende et le retrait du point du match nul. L\u2019Olympic n\u2019obtient pas le forfait (et donc deux points suppl\u00e9mentaires) car, comme le confirme le Comit\u00e9 d\u2019appel, <em>\u00ab\u00a0ce serait disproportionn\u00e9 en l\u2019esp\u00e8ce au vu des diff\u00e9rents \u00e9l\u00e9ments de fait et de l\u2019\u00e9thique sportive du terrain\u00a0\u00bb<\/em>.<\/p>\n\n\n\n<p>Le club se r\u00e9jouit de cette d\u00e9cision qui permet de ne pas modifier le classement des \u00e9quipes en lutte pour la promotion en D1B. Il ne fera pas d\u2019autre commentaire.<\/p>\n","protected":false},"excerpt":{"rendered":"<p>OHL-Olympic : le RFCL obtient gain de cause devant le Comit\u00e9 d\u2019Appel. L\u2019\u00e9quipe U23 de OHL et l\u2019Olympic avaient fait match nul (2-2) le 26\/11\/2022. L\u2019Olympic avait cependant d\u00e9pos\u00e9 r\u00e9clamation au motif que l\u2019OHL n\u2019avait pas respect\u00e9 une r\u00e8gle imposant aux \u00e9quipes U23 d\u2019aligner au minimum la moiti\u00e9 de \u00ab\u00a0joueurs form\u00e9s au club\u00a0\u00bb. Le Comit\u00e9 [&hellip;]<\/p>\n","protected":false},"author":12,"featured_media":0,"comment_status":"closed","ping_status":"closed","sticky":false,"template":"","format":"standard","meta":{"iawp_total_views":0},"categories":[1,24],"tags":[],"_links":{"self":[{"href":"https:\/\/fcliege.be\/fr\/wp-json\/wp\/v2\/posts\/20862"}],"collection":[{"href":"https:\/\/fcliege.be\/fr\/wp-json\/wp\/v2\/posts"}],"about":[{"href":"https:\/\/fcliege.be\/fr\/wp-json\/wp\/v2\/types\/post"}],"author":[{"embeddable":true,"href":"https:\/\/fcliege.be\/fr\/wp-json\/wp\/v2\/users\/12"}],"replies":[{"embeddable":true,"href":"https:\/\/fcliege.be\/fr\/wp-json\/wp\/v2\/comments?post=20862"}],"version-history":[{"count":4,"href":"https:\/\/fcliege.be\/fr\/wp-json\/wp\/v2\/posts\/20862\/revisions"}],"predecessor-version":[{"id":20868,"href":"https:\/\/fcliege.be\/fr\/wp-json\/wp\/v2\/posts\/20862\/revisions\/20868"}],"wp:attachment":[{"href":"https:\/\/fcliege.be\/fr\/wp-json\/wp\/v2\/media?parent=20862"}],"wp:term":[{"taxonomy":"category","embeddable":true,"href":"https:\/\/fcliege.be\/fr\/wp-json\/wp\/v2\/categories?post=20862"},{"taxonomy":"post_tag","embeddable":true,"href":"https:\/\/fcliege.be\/fr\/wp-json\/wp\/v2\/tags?post=20862"}],"curies":[{"name":"wp","href":"https:\/\/api.w.org\/{rel}","templated":true}]}}