{"id":20886,"date":"2023-02-15T20:11:47","date_gmt":"2023-02-15T18:11:47","guid":{"rendered":"https:\/\/fcliege.be\/fr\/?p=20886"},"modified":"2023-02-15T20:11:47","modified_gmt":"2023-02-15T18:11:47","slug":"buvettes-nouveau-tarif-a-rocourt","status":"publish","type":"post","link":"https:\/\/fcliege.be\/fr\/buvettes-nouveau-tarif-a-rocourt\/","title":{"rendered":"Buvettes | Nouveau tarif \u00e0 Rocourt"},"content":{"rendered":"\n<p><\/p>\n\n\n\n<h4 class=\"wp-block-heading\"><strong>Nouveaux tarifs applicables \u00e0 l\u2019Espace Waseige et nos diff\u00e9rentes buvettes.<\/strong><\/h4>\n\n\n\n<p>Le RFCL n\u2019\u00e9chappe pas \u00e0 la hausse des tarifs des boissons et des snacks. Nous sommes en cons\u00e9quence amen\u00e9s \u00e0 augmenter nos prix. Nous avons veill\u00e9 \u00e0 ce que cette majoration soit la plus l\u00e9g\u00e8re possible.<\/p>\n\n\n\n<p><strong>Le caf\u00e9, les softs et la Jupiler vous co\u00fbteront d\u00e9sormais 2,20\u20ac (au lieu de 2\u20ac). Le nouveau tarif sera en vigueur \u00e0 partir de ce samedi 18 f\u00e9vrier. Merci pour votre compr\u00e9hension.<\/strong><\/p>\n\n\n\n<p>Par ailleurs, \u00e0 des fins \u00e9cologiques, nous \u00e9tudions la mise en place, \u00e0 partir de juillet prochain, d\u2019un tarif pr\u00e9f\u00e9rentiel pour ceux qui utiliseront un gobelet personnel r\u00e9utilisable. Vous en serez tenus inform\u00e9s.<\/p>\n","protected":false},"excerpt":{"rendered":"<p>Nouveaux tarifs applicables \u00e0 l\u2019Espace Waseige et nos diff\u00e9rentes buvettes. Le RFCL n\u2019\u00e9chappe pas \u00e0 la hausse des tarifs des boissons et des snacks. Nous sommes en cons\u00e9quence amen\u00e9s \u00e0 augmenter nos prix. Nous avons veill\u00e9 \u00e0 ce que cette majoration soit la plus l\u00e9g\u00e8re possible. Le caf\u00e9, les softs et la Jupiler vous co\u00fbteront [&hellip;]<\/p>\n","protected":false},"author":12,"featured_media":20891,"comment_status":"closed","ping_status":"closed","sticky":false,"template":"","format":"standard","meta":{"iawp_total_views":41},"categories":[24,28],"tags":[],"_links":{"self":[{"href":"https:\/\/fcliege.be\/fr\/wp-json\/wp\/v2\/posts\/20886"}],"collection":[{"href":"https:\/\/fcliege.be\/fr\/wp-json\/wp\/v2\/posts"}],"about":[{"href":"https:\/\/fcliege.be\/fr\/wp-json\/wp\/v2\/types\/post"}],"author":[{"embeddable":true,"href":"https:\/\/fcliege.be\/fr\/wp-json\/wp\/v2\/users\/12"}],"replies":[{"embeddable":true,"href":"https:\/\/fcliege.be\/fr\/wp-json\/wp\/v2\/comments?post=20886"}],"version-history":[{"count":4,"href":"https:\/\/fcliege.be\/fr\/wp-json\/wp\/v2\/posts\/20886\/revisions"}],"predecessor-version":[{"id":20890,"href":"https:\/\/fcliege.be\/fr\/wp-json\/wp\/v2\/posts\/20886\/revisions\/20890"}],"wp:featuredmedia":[{"embeddable":true,"href":"https:\/\/fcliege.be\/fr\/wp-json\/wp\/v2\/media\/20891"}],"wp:attachment":[{"href":"https:\/\/fcliege.be\/fr\/wp-json\/wp\/v2\/media?parent=20886"}],"wp:term":[{"taxonomy":"category","embeddable":true,"href":"https:\/\/fcliege.be\/fr\/wp-json\/wp\/v2\/categories?post=20886"},{"taxonomy":"post_tag","embeddable":true,"href":"https:\/\/fcliege.be\/fr\/wp-json\/wp\/v2\/tags?post=20886"}],"curies":[{"name":"wp","href":"https:\/\/api.w.org\/{rel}","templated":true}]}}