{"id":21302,"date":"2023-03-21T12:00:00","date_gmt":"2023-03-21T10:00:00","guid":{"rendered":"https:\/\/fcliege.be\/fr\/?p=21302"},"modified":"2023-03-20T15:13:14","modified_gmt":"2023-03-20T13:13:14","slug":"fanshop-nouvelle-collection-liege","status":"publish","type":"post","link":"https:\/\/fcliege.be\/fr\/fanshop-nouvelle-collection-liege\/","title":{"rendered":"Fanshop | Nouvelle collection Li\u00e8ge"},"content":{"rendered":"\n<p><\/p>\n\n\n\n<h4 class=\"wp-block-heading\"><strong>La nouvelle collection printemps-\u00e9t\u00e9 met notre ville \u00e0 l\u2019honneur !<\/strong><\/h4>\n\n\n\n<p>Deux nouvelles pi\u00e8ces viennent compl\u00e9ter la s\u00e9rie de produits \u00ab\u00a0Li\u00e8ge\u00a0\u00bb. En parfait accord avec l\u2019ADN du club, la gamme Li\u00e8ge est destin\u00e9e aux supporters mais est \u00e9galement tr\u00e8s appr\u00e9ci\u00e9e par les Li\u00e9geois et les touristes qui souhaitent porter des v\u00eatements de qualit\u00e9 pour mettre \u00e0 l\u2019honneur la Cit\u00e9 ardente.<\/p>\n\n\n\n<p>Un t-shirt gris chin\u00e9 et un sweat bleu marine associent les couleurs historiques \u00e0 la d\u00e9nomination de notre Ville. Un \u00e9cusson en silicone reprenant notre Matricule et diff\u00e9rents d\u00e9tails viennent parfaire ce nouveau mod\u00e8le.<\/p>\n\n\n\n<p>Le Fanshop a \u00e0 c\u0153ur de mettre en valeur diff\u00e9rents endroits typiques de la Cit\u00e9 ardente. La talentueuse Elodie <strong>Timmermans <\/strong>a photographi\u00e9 notre attaquant reconverti en milieu de terrain aux Arcs de Venet situ\u00e9s \u00e0 l\u2019extr\u00e9mit\u00e9 du Parc de la Boverie. Ce d\u00e9cor nous a surpris tant les Arcs \u00e9voquent les lauriers du Blason.<\/p>\n\n\n\n<p>Nous avons choisi Yannick <strong>Loemba <\/strong>pour repr\u00e9senter le c\u00f4t\u00e9 sportswear et dynamique de cette nouvelle collection. Le joueur s\u2019est montr\u00e9 particuli\u00e8rement \u00e0 l\u2019aise devant l\u2019appareil photo et les cam\u00e9ras de RTC, venu l\u2019interviewer afin de r\u00e9aliser un portrait pour le prochain magazine \u00ab\u00a0Allons Li\u00e8ge !\u00a0\u00bb.<\/p>\n\n\n\n<p><strong>La nouvelle collection sera disponible au fanshop d\u00e8s le prochain match \u00e0 domicile.<\/strong><\/p>\n\n\n\n<p><strong><a href=\"https:\/\/www.fcliege-fanshop.be\/shop\/t-shirt-liege\/\" target=\"_blank\" rel=\"noreferrer noopener\">&gt; Commandez le t-shirt en ligne<\/a><\/strong><\/p>\n\n\n\n<p><strong><a href=\"https:\/\/www.fcliege-fanshop.be\/shop\/sweatshirt-liege\/\" target=\"_blank\" rel=\"noreferrer noopener\">&gt; Commandez le sweat en ligne<\/a><\/strong><\/p>\n\n\n\n<figure class=\"wp-block-gallery has-nested-images columns-default is-cropped wp-block-gallery-1 is-layout-flex\">\n<figure class=\"wp-block-image size-large\"><img decoding=\"async\" loading=\"lazy\" width=\"1024\" height=\"1024\" data-id=\"21313\"  src=\"https:\/\/fcliege.be\/fr\/wp-content\/uploads\/2023\/03\/RFCL-Sweat-Liege-2023-1-1024x1024.jpg\" alt=\"\" class=\"wp-image-21313\" srcset=\"https:\/\/fcliege.be\/fr\/wp-content\/uploads\/2023\/03\/RFCL-Sweat-Liege-2023-1-1024x1024.jpg 1024w, https:\/\/fcliege.be\/fr\/wp-content\/uploads\/2023\/03\/RFCL-Sweat-Liege-2023-1-300x300.jpg 300w, https:\/\/fcliege.be\/fr\/wp-content\/uploads\/2023\/03\/RFCL-Sweat-Liege-2023-1-150x150.jpg 150w, https:\/\/fcliege.be\/fr\/wp-content\/uploads\/2023\/03\/RFCL-Sweat-Liege-2023-1-768x768.jpg 768w, https:\/\/fcliege.be\/fr\/wp-content\/uploads\/2023\/03\/RFCL-Sweat-Liege-2023-1.jpg 1200w\" sizes=\"(max-width: 1024px) 100vw, 1024px\" \/><\/figure>\n\n\n\n<figure class=\"wp-block-image size-large\"><img decoding=\"async\" loading=\"lazy\" width=\"1024\" height=\"1024\" data-id=\"21314\"  src=\"https:\/\/fcliege.be\/fr\/wp-content\/uploads\/2023\/03\/RFCL-T-Shirt-Liege-2023-1-1024x1024.jpg\" alt=\"\" class=\"wp-image-21314\" srcset=\"https:\/\/fcliege.be\/fr\/wp-content\/uploads\/2023\/03\/RFCL-T-Shirt-Liege-2023-1-1024x1024.jpg 1024w, https:\/\/fcliege.be\/fr\/wp-content\/uploads\/2023\/03\/RFCL-T-Shirt-Liege-2023-1-300x300.jpg 300w, https:\/\/fcliege.be\/fr\/wp-content\/uploads\/2023\/03\/RFCL-T-Shirt-Liege-2023-1-150x150.jpg 150w, https:\/\/fcliege.be\/fr\/wp-content\/uploads\/2023\/03\/RFCL-T-Shirt-Liege-2023-1-768x768.jpg 768w, https:\/\/fcliege.be\/fr\/wp-content\/uploads\/2023\/03\/RFCL-T-Shirt-Liege-2023-1.jpg 1200w\" sizes=\"(max-width: 1024px) 100vw, 1024px\" \/><\/figure>\n<\/figure>\n","protected":false},"excerpt":{"rendered":"<p>La nouvelle collection printemps-\u00e9t\u00e9 met notre ville \u00e0 l\u2019honneur ! Deux nouvelles pi\u00e8ces viennent compl\u00e9ter la s\u00e9rie de produits \u00ab\u00a0Li\u00e8ge\u00a0\u00bb. En parfait accord avec l\u2019ADN du club, la gamme Li\u00e8ge est destin\u00e9e aux supporters mais est \u00e9galement tr\u00e8s appr\u00e9ci\u00e9e par les Li\u00e9geois et les touristes qui souhaitent porter des v\u00eatements de qualit\u00e9 pour mettre \u00e0 [&hellip;]<\/p>\n","protected":false},"author":12,"featured_media":21303,"comment_status":"closed","ping_status":"closed","sticky":false,"template":"","format":"standard","meta":{"iawp_total_views":7},"categories":[1,24],"tags":[],"_links":{"self":[{"href":"https:\/\/fcliege.be\/fr\/wp-json\/wp\/v2\/posts\/21302"}],"collection":[{"href":"https:\/\/fcliege.be\/fr\/wp-json\/wp\/v2\/posts"}],"about":[{"href":"https:\/\/fcliege.be\/fr\/wp-json\/wp\/v2\/types\/post"}],"author":[{"embeddable":true,"href":"https:\/\/fcliege.be\/fr\/wp-json\/wp\/v2\/users\/12"}],"replies":[{"embeddable":true,"href":"https:\/\/fcliege.be\/fr\/wp-json\/wp\/v2\/comments?post=21302"}],"version-history":[{"count":11,"href":"https:\/\/fcliege.be\/fr\/wp-json\/wp\/v2\/posts\/21302\/revisions"}],"predecessor-version":[{"id":21316,"href":"https:\/\/fcliege.be\/fr\/wp-json\/wp\/v2\/posts\/21302\/revisions\/21316"}],"wp:featuredmedia":[{"embeddable":true,"href":"https:\/\/fcliege.be\/fr\/wp-json\/wp\/v2\/media\/21303"}],"wp:attachment":[{"href":"https:\/\/fcliege.be\/fr\/wp-json\/wp\/v2\/media?parent=21302"}],"wp:term":[{"taxonomy":"category","embeddable":true,"href":"https:\/\/fcliege.be\/fr\/wp-json\/wp\/v2\/categories?post=21302"},{"taxonomy":"post_tag","embeddable":true,"href":"https:\/\/fcliege.be\/fr\/wp-json\/wp\/v2\/tags?post=21302"}],"curies":[{"name":"wp","href":"https:\/\/api.w.org\/{rel}","templated":true}]}}