{"id":21322,"date":"2023-03-21T13:43:21","date_gmt":"2023-03-21T11:43:21","guid":{"rendered":"https:\/\/fcliege.be\/fr\/?p=21322"},"modified":"2023-05-04T23:15:00","modified_gmt":"2023-05-04T21:15:00","slug":"rfcl-vise-reouverture-du-parking","status":"publish","type":"post","link":"https:\/\/fcliege.be\/fr\/rfcl-vise-reouverture-du-parking\/","title":{"rendered":"RFCL-Vis\u00e9 | R\u00e9ouverture du parking"},"content":{"rendered":"\n<p><\/p>\n\n\n\n<h4 class=\"wp-block-heading\"><strong>R\u00e9ouverture du parking public ce mercredi pour le derby.<\/strong><\/h4>\n\n\n\n<p>Vu la forte affluence attendue, nous r\u00e9ouvrons, sur le site des Ardentes, le parking public \u00e0 partir de <strong>17h30<\/strong>. M\u00eame si le club d\u00e9cline toute responsabilit\u00e9, nous veillerons \u00e0 disposer sur le site en permanence 3 stewards.<\/p>\n\n\n\n<p>A titre exceptionnel, pas de droit d\u2019entr\u00e9e \u00e0 r\u00e9gler : c\u2019est <strong>gratuit <\/strong>! Veillez en cons\u00e9quence \u00e0 ne pas stationner sur la voie publique. Les grilles du parking se fermeront \u00e0 23h30.<\/p>\n","protected":false},"excerpt":{"rendered":"<p>R\u00e9ouverture du parking public ce mercredi pour le derby. Vu la forte affluence attendue, nous r\u00e9ouvrons, sur le site des Ardentes, le parking public \u00e0 partir de 17h30. M\u00eame si le club d\u00e9cline toute responsabilit\u00e9, nous veillerons \u00e0 disposer sur le site en permanence 3 stewards. A titre exceptionnel, pas de droit d\u2019entr\u00e9e \u00e0 r\u00e9gler [&hellip;]<\/p>\n","protected":false},"author":12,"featured_media":0,"comment_status":"closed","ping_status":"closed","sticky":false,"template":"","format":"standard","meta":{"iawp_total_views":2},"categories":[28],"tags":[],"_links":{"self":[{"href":"https:\/\/fcliege.be\/fr\/wp-json\/wp\/v2\/posts\/21322"}],"collection":[{"href":"https:\/\/fcliege.be\/fr\/wp-json\/wp\/v2\/posts"}],"about":[{"href":"https:\/\/fcliege.be\/fr\/wp-json\/wp\/v2\/types\/post"}],"author":[{"embeddable":true,"href":"https:\/\/fcliege.be\/fr\/wp-json\/wp\/v2\/users\/12"}],"replies":[{"embeddable":true,"href":"https:\/\/fcliege.be\/fr\/wp-json\/wp\/v2\/comments?post=21322"}],"version-history":[{"count":5,"href":"https:\/\/fcliege.be\/fr\/wp-json\/wp\/v2\/posts\/21322\/revisions"}],"predecessor-version":[{"id":21328,"href":"https:\/\/fcliege.be\/fr\/wp-json\/wp\/v2\/posts\/21322\/revisions\/21328"}],"wp:attachment":[{"href":"https:\/\/fcliege.be\/fr\/wp-json\/wp\/v2\/media?parent=21322"}],"wp:term":[{"taxonomy":"category","embeddable":true,"href":"https:\/\/fcliege.be\/fr\/wp-json\/wp\/v2\/categories?post=21322"},{"taxonomy":"post_tag","embeddable":true,"href":"https:\/\/fcliege.be\/fr\/wp-json\/wp\/v2\/tags?post=21322"}],"curies":[{"name":"wp","href":"https:\/\/api.w.org\/{rel}","templated":true}]}}