{"id":21329,"date":"2023-03-21T18:00:00","date_gmt":"2023-03-21T16:00:00","guid":{"rendered":"https:\/\/fcliege.be\/fr\/?p=21329"},"modified":"2023-03-24T16:22:30","modified_gmt":"2023-03-24T14:22:30","slug":"equipe-a-mise-au-point-de-kevin-debaty","status":"publish","type":"post","link":"https:\/\/fcliege.be\/fr\/equipe-a-mise-au-point-de-kevin-debaty\/","title":{"rendered":"Equipe A | Mise au point de Kevin Debaty"},"content":{"rendered":"\n<p><\/p>\n\n\n\n<h4 class=\"wp-block-heading\"><strong>Notre gardien a tenu \u00e0 r\u00e9agir suite \u00e0 certains propos tenus ces derniers jours.<\/strong><\/h4>\n\n\n\n<p><em>\u00ab\u00a0Suite \u00e0 diff\u00e9rentes publications, en particulier sur les r\u00e9seaux sociaux, je souhaite pr\u00e9ciser que c\u2019est \u00e0 ma demande que je n\u2019ai pas \u00e9t\u00e9 repris dans la liste des 18 joueurs pour le d\u00e9placement aux Francs Borains. Une obligation de mon autre profession explique ceci.<\/em><\/p>\n\n\n\n<p><em>Je reste concern\u00e9 \u00e0 100% par la suite de la saison, que ce soit comme titulaire ou comme r\u00e9serviste. Antoine a fait pareil pendant nos 25 premi\u00e8res rencontres. Allons Li\u00e8ge !\u00a0\u00bb<\/em><\/p>\n","protected":false},"excerpt":{"rendered":"<p>Notre gardien a tenu \u00e0 r\u00e9agir suite \u00e0 certains propos tenus ces derniers jours. \u00ab\u00a0Suite \u00e0 diff\u00e9rentes publications, en particulier sur les r\u00e9seaux sociaux, je souhaite pr\u00e9ciser que c\u2019est \u00e0 ma demande que je n\u2019ai pas \u00e9t\u00e9 repris dans la liste des 18 joueurs pour le d\u00e9placement aux Francs Borains. Une obligation de mon autre [&hellip;]<\/p>\n","protected":false},"author":12,"featured_media":21331,"comment_status":"closed","ping_status":"closed","sticky":false,"template":"","format":"standard","meta":{"iawp_total_views":1},"categories":[1,26],"tags":[],"_links":{"self":[{"href":"https:\/\/fcliege.be\/fr\/wp-json\/wp\/v2\/posts\/21329"}],"collection":[{"href":"https:\/\/fcliege.be\/fr\/wp-json\/wp\/v2\/posts"}],"about":[{"href":"https:\/\/fcliege.be\/fr\/wp-json\/wp\/v2\/types\/post"}],"author":[{"embeddable":true,"href":"https:\/\/fcliege.be\/fr\/wp-json\/wp\/v2\/users\/12"}],"replies":[{"embeddable":true,"href":"https:\/\/fcliege.be\/fr\/wp-json\/wp\/v2\/comments?post=21329"}],"version-history":[{"count":2,"href":"https:\/\/fcliege.be\/fr\/wp-json\/wp\/v2\/posts\/21329\/revisions"}],"predecessor-version":[{"id":21332,"href":"https:\/\/fcliege.be\/fr\/wp-json\/wp\/v2\/posts\/21329\/revisions\/21332"}],"wp:featuredmedia":[{"embeddable":true,"href":"https:\/\/fcliege.be\/fr\/wp-json\/wp\/v2\/media\/21331"}],"wp:attachment":[{"href":"https:\/\/fcliege.be\/fr\/wp-json\/wp\/v2\/media?parent=21329"}],"wp:term":[{"taxonomy":"category","embeddable":true,"href":"https:\/\/fcliege.be\/fr\/wp-json\/wp\/v2\/categories?post=21329"},{"taxonomy":"post_tag","embeddable":true,"href":"https:\/\/fcliege.be\/fr\/wp-json\/wp\/v2\/tags?post=21329"}],"curies":[{"name":"wp","href":"https:\/\/api.w.org\/{rel}","templated":true}]}}