{"id":21409,"date":"2023-03-28T17:53:37","date_gmt":"2023-03-28T15:53:37","guid":{"rendered":"https:\/\/fcliege.be\/fr\/?p=21409"},"modified":"2023-03-28T17:53:48","modified_gmt":"2023-03-28T15:53:48","slug":"noyau-a-news-de-nos-blesses","status":"publish","type":"post","link":"https:\/\/fcliege.be\/fr\/noyau-a-news-de-nos-blesses\/","title":{"rendered":"Noyau A | News de nos bless\u00e9s"},"content":{"rendered":"\n<p><\/p>\n\n\n\n<h4 class=\"wp-block-heading\"><strong>Voici quelques nouvelles de Merlen, D&rsquo;Ostilio, Cavelier et Gendebien !<\/strong><\/h4>\n\n\n\n<p><strong>Ryan a la t\u00eate dure ! <\/strong>Sorti sur blessure dimanche dernier, Ryan <strong>Merlen <\/strong>sera normalement disponible pour le match contre les U23 de <strong>OHL<\/strong>. Sa contusion au cuir chevelu a n\u00e9cessit\u00e9 plusieurs points de suture mais les examens m\u00e9dicaux n\u2019ont r\u00e9v\u00e9l\u00e9 aucune commotion ni traumatisme.<\/p>\n\n\n\n<p><strong>Jona confi\u00e9 aux bons soins de nos kin\u00e9s. <\/strong>A la fin du match contre Vis\u00e9, notre capitaine a souffert d\u2019une l\u00e9sion tendino-musculaire au pubis qui l\u2019\u00e9carte des terrains pour au moins 8 jours. Nous esp\u00e9rons son retour contre <strong>Mandel<\/strong>.<\/p>\n\n\n\n<p><strong>Reprise des entrainements pour Maxime et Florian. <\/strong>L\u2019un comme l\u2019autre \u00e9voluent bien et seront sous peu disponibles \u00e0 nouveau.<\/p>\n","protected":false},"excerpt":{"rendered":"<p>Voici quelques nouvelles de Merlen, D&rsquo;Ostilio, Cavelier et Gendebien ! Ryan a la t\u00eate dure ! Sorti sur blessure dimanche dernier, Ryan Merlen sera normalement disponible pour le match contre les U23 de OHL. Sa contusion au cuir chevelu a n\u00e9cessit\u00e9 plusieurs points de suture mais les examens m\u00e9dicaux n\u2019ont r\u00e9v\u00e9l\u00e9 aucune commotion ni traumatisme. [&hellip;]<\/p>\n","protected":false},"author":12,"featured_media":21411,"comment_status":"closed","ping_status":"closed","sticky":false,"template":"","format":"standard","meta":{"iawp_total_views":1},"categories":[24,26],"tags":[],"_links":{"self":[{"href":"https:\/\/fcliege.be\/fr\/wp-json\/wp\/v2\/posts\/21409"}],"collection":[{"href":"https:\/\/fcliege.be\/fr\/wp-json\/wp\/v2\/posts"}],"about":[{"href":"https:\/\/fcliege.be\/fr\/wp-json\/wp\/v2\/types\/post"}],"author":[{"embeddable":true,"href":"https:\/\/fcliege.be\/fr\/wp-json\/wp\/v2\/users\/12"}],"replies":[{"embeddable":true,"href":"https:\/\/fcliege.be\/fr\/wp-json\/wp\/v2\/comments?post=21409"}],"version-history":[{"count":3,"href":"https:\/\/fcliege.be\/fr\/wp-json\/wp\/v2\/posts\/21409\/revisions"}],"predecessor-version":[{"id":21413,"href":"https:\/\/fcliege.be\/fr\/wp-json\/wp\/v2\/posts\/21409\/revisions\/21413"}],"wp:featuredmedia":[{"embeddable":true,"href":"https:\/\/fcliege.be\/fr\/wp-json\/wp\/v2\/media\/21411"}],"wp:attachment":[{"href":"https:\/\/fcliege.be\/fr\/wp-json\/wp\/v2\/media?parent=21409"}],"wp:term":[{"taxonomy":"category","embeddable":true,"href":"https:\/\/fcliege.be\/fr\/wp-json\/wp\/v2\/categories?post=21409"},{"taxonomy":"post_tag","embeddable":true,"href":"https:\/\/fcliege.be\/fr\/wp-json\/wp\/v2\/tags?post=21409"}],"curies":[{"name":"wp","href":"https:\/\/api.w.org\/{rel}","templated":true}]}}