{"id":21424,"date":"2023-04-04T00:35:58","date_gmt":"2023-04-03T22:35:58","guid":{"rendered":"https:\/\/fcliege.be\/fr\/?p=21424"},"modified":"2023-04-04T00:36:23","modified_gmt":"2023-04-03T22:36:23","slug":"rfcl-winkel-le-22-avril-a-19h30","status":"publish","type":"post","link":"https:\/\/fcliege.be\/fr\/rfcl-winkel-le-22-avril-a-19h30\/","title":{"rendered":"RFCL-Winkel | Le 22 avril \u00e0 19h30"},"content":{"rendered":"\n<p><\/p>\n\n\n\n<h4 class=\"wp-block-heading\"><strong>L&rsquo;horaire du match contre Sint-Eloois-Winkel a \u00e9t\u00e9 l\u00e9g\u00e8rement adapt\u00e9.<\/strong><\/h4>\n\n\n\n<p>Le dimanche 23 avril se dispute la classique Li\u00e8ge-Bastogne-Li\u00e8ge, raison pour laquelle la rencontre face \u00e0 <strong>Winkel <\/strong>a \u00e9t\u00e9 programm\u00e9e au <strong>samedi 22 avril<\/strong>, et ce depuis l\u2019annonce du calendrier de Nationale 1.<\/p>\n\n\n\n<p>Pour des raisons d&rsquo;organisation, la Police de Li\u00e8ge a demand\u00e9 \u00e0 ce que le coup d&rsquo;envoi soit avanc\u00e9. Il sera donc donn\u00e9 \u00e0 <strong>19h30<\/strong> au lieu de 20h00 comme c&rsquo;\u00e9tait initialement pr\u00e9vu.<\/p>\n","protected":false},"excerpt":{"rendered":"<p>L&rsquo;horaire du match contre Sint-Eloois-Winkel a \u00e9t\u00e9 l\u00e9g\u00e8rement adapt\u00e9. Le dimanche 23 avril se dispute la classique Li\u00e8ge-Bastogne-Li\u00e8ge, raison pour laquelle la rencontre face \u00e0 Winkel a \u00e9t\u00e9 programm\u00e9e au samedi 22 avril, et ce depuis l\u2019annonce du calendrier de Nationale 1. Pour des raisons d&rsquo;organisation, la Police de Li\u00e8ge a demand\u00e9 \u00e0 ce que [&hellip;]<\/p>\n","protected":false},"author":12,"featured_media":21426,"comment_status":"closed","ping_status":"closed","sticky":false,"template":"","format":"standard","meta":{"iawp_total_views":0},"categories":[24,28],"tags":[],"_links":{"self":[{"href":"https:\/\/fcliege.be\/fr\/wp-json\/wp\/v2\/posts\/21424"}],"collection":[{"href":"https:\/\/fcliege.be\/fr\/wp-json\/wp\/v2\/posts"}],"about":[{"href":"https:\/\/fcliege.be\/fr\/wp-json\/wp\/v2\/types\/post"}],"author":[{"embeddable":true,"href":"https:\/\/fcliege.be\/fr\/wp-json\/wp\/v2\/users\/12"}],"replies":[{"embeddable":true,"href":"https:\/\/fcliege.be\/fr\/wp-json\/wp\/v2\/comments?post=21424"}],"version-history":[{"count":1,"href":"https:\/\/fcliege.be\/fr\/wp-json\/wp\/v2\/posts\/21424\/revisions"}],"predecessor-version":[{"id":21425,"href":"https:\/\/fcliege.be\/fr\/wp-json\/wp\/v2\/posts\/21424\/revisions\/21425"}],"wp:featuredmedia":[{"embeddable":true,"href":"https:\/\/fcliege.be\/fr\/wp-json\/wp\/v2\/media\/21426"}],"wp:attachment":[{"href":"https:\/\/fcliege.be\/fr\/wp-json\/wp\/v2\/media?parent=21424"}],"wp:term":[{"taxonomy":"category","embeddable":true,"href":"https:\/\/fcliege.be\/fr\/wp-json\/wp\/v2\/categories?post=21424"},{"taxonomy":"post_tag","embeddable":true,"href":"https:\/\/fcliege.be\/fr\/wp-json\/wp\/v2\/tags?post=21424"}],"curies":[{"name":"wp","href":"https:\/\/api.w.org\/{rel}","templated":true}]}}