{"id":21449,"date":"2023-04-22T12:07:28","date_gmt":"2023-04-22T10:07:28","guid":{"rendered":"https:\/\/fcliege.be\/fr\/?p=21449"},"modified":"2023-04-22T12:18:53","modified_gmt":"2023-04-22T10:18:53","slug":"interview-la-parole-a-benoit-nyssen-2","status":"publish","type":"post","link":"https:\/\/fcliege.be\/fr\/interview-la-parole-a-benoit-nyssen-2\/","title":{"rendered":"Interview | La parole \u00e0 Benoit Nyssen"},"content":{"rendered":"\n<p><\/p>\n\n\n\n<p><strong>L&rsquo;interview de la semaine, en compagnie de Benoit Nyssen<\/strong><\/p>\n\n\n\n<p><strong>Qu\u2019avez-vous pens\u00e9 du match de samedi dernier face \u00e0 Dessel ?<\/strong><\/p>\n\n\n\n<p>Ce fut un bon match avec un bon r\u00e9sultat \u00e0 la cl\u00e9. Dessel a jou\u00e9 un match s\u00e9rieux malgr\u00e9 qu\u2019ils n\u2019ont plus beaucoup d\u2019objectifs dans cette fin de championnat. Bravo \u00e0 eux ! Le d\u00e9but de la seconde p\u00e9riode fut difficile suite \u00e0 leur \u00e9galisation. Nous avons tr\u00e8s bien r\u00e9agi et fait ce qu\u2019il fallait pour obtenir la victoire.<\/p>\n\n\n\n<p><strong>L\u2019\u00e9quipe peut d\u00e9j\u00e0 obtenir son ticket pour la D1B d\u00e8s ce samedi en cas de victoire face \u00e0 Winkel et de d\u00e9faite de la RAAL. Qu\u2019est-ce que cela vous inspire ?<\/strong><\/p>\n\n\n\n<p>Nous devons rester concentr\u00e9s sur nous-m\u00eames comme on le fait depuis le d\u00e9but de la saison. Et ce sera encore le cas ce samedi soir face \u00e0 Winkel. Si la RAAL ne perd pas de points ce week-end, on obtiendra la mont\u00e9e la semaine prochaine !<\/p>\n\n\n\n<p><strong>Est-ce que le fait que les Francs Borains et l\u2019Olympic n\u2019aient pas obtenu directement leur licence pour la D1B a un impact sur le moral du groupe ?<\/strong><\/p>\n\n\n\n<p>Pas du tout ! Tout d\u2019abord, vu la situation dans laquelle nous sommes actuellement, nous n\u2019avons pas besoin de compter sur les autres. Nous devons continuer sur notre lanc\u00e9e et ne pas regarder ce qui se passe chez nos concurrents. Ensuite, rien n\u2019indique que cette d\u00e9cision soit d\u00e9finitive. Ils peuvent donc encore obtenir la licence pour la D1B. Par cons\u00e9quent, nous ne pr\u00eatons pas attention \u00e0 cela.<\/p>\n\n\n\n<p><strong>Au vu des derniers r\u00e9sultats du Patro, est-ce que nous pouvons encore r\u00eaver du titre ?<\/strong><\/p>\n\n\n\n<p>Ce sera sans doute un beau duel ! Mais comme je l\u2019ai dit auparavant, nous devons rester focalis\u00e9s sur nous-m\u00eames et rien d\u2019autre. Nous allons tout mettre en \u0153uvre pour remporter nos 5 derniers matchs. Ensuite, on verra qui sera champion !<\/p>\n\n\n\n<figure class=\"wp-block-image size-large\"><img decoding=\"async\" loading=\"lazy\" width=\"1024\" height=\"1024\" src=\"https:\/\/fcliege.be\/fr\/wp-content\/uploads\/2023\/04\/nyssen-1-1024x1024.jpg\" alt=\"\" class=\"wp-image-21686\" srcset=\"https:\/\/fcliege.be\/fr\/wp-content\/uploads\/2023\/04\/nyssen-1-1024x1024.jpg 1024w, https:\/\/fcliege.be\/fr\/wp-content\/uploads\/2023\/04\/nyssen-1-300x300.jpg 300w, https:\/\/fcliege.be\/fr\/wp-content\/uploads\/2023\/04\/nyssen-1-150x150.jpg 150w, https:\/\/fcliege.be\/fr\/wp-content\/uploads\/2023\/04\/nyssen-1-768x768.jpg 768w, https:\/\/fcliege.be\/fr\/wp-content\/uploads\/2023\/04\/nyssen-1-1536x1536.jpg 1536w, https:\/\/fcliege.be\/fr\/wp-content\/uploads\/2023\/04\/nyssen-1.jpg 1920w\" sizes=\"(max-width: 1024px) 100vw, 1024px\" \/><\/figure>\n","protected":false},"excerpt":{"rendered":"<p>L&rsquo;interview de la semaine, en compagnie de Benoit Nyssen Qu\u2019avez-vous pens\u00e9 du match de samedi dernier face \u00e0 Dessel ? Ce fut un bon match avec un bon r\u00e9sultat \u00e0 la cl\u00e9. Dessel a jou\u00e9 un match s\u00e9rieux malgr\u00e9 qu\u2019ils n\u2019ont plus beaucoup d\u2019objectifs dans cette fin de championnat. Bravo \u00e0 eux ! Le d\u00e9but [&hellip;]<\/p>\n","protected":false},"author":12,"featured_media":21680,"comment_status":"closed","ping_status":"closed","sticky":false,"template":"","format":"standard","meta":{"iawp_total_views":1},"categories":[1,24],"tags":[],"_links":{"self":[{"href":"https:\/\/fcliege.be\/fr\/wp-json\/wp\/v2\/posts\/21449"}],"collection":[{"href":"https:\/\/fcliege.be\/fr\/wp-json\/wp\/v2\/posts"}],"about":[{"href":"https:\/\/fcliege.be\/fr\/wp-json\/wp\/v2\/types\/post"}],"author":[{"embeddable":true,"href":"https:\/\/fcliege.be\/fr\/wp-json\/wp\/v2\/users\/12"}],"replies":[{"embeddable":true,"href":"https:\/\/fcliege.be\/fr\/wp-json\/wp\/v2\/comments?post=21449"}],"version-history":[{"count":6,"href":"https:\/\/fcliege.be\/fr\/wp-json\/wp\/v2\/posts\/21449\/revisions"}],"predecessor-version":[{"id":21687,"href":"https:\/\/fcliege.be\/fr\/wp-json\/wp\/v2\/posts\/21449\/revisions\/21687"}],"wp:featuredmedia":[{"embeddable":true,"href":"https:\/\/fcliege.be\/fr\/wp-json\/wp\/v2\/media\/21680"}],"wp:attachment":[{"href":"https:\/\/fcliege.be\/fr\/wp-json\/wp\/v2\/media?parent=21449"}],"wp:term":[{"taxonomy":"category","embeddable":true,"href":"https:\/\/fcliege.be\/fr\/wp-json\/wp\/v2\/categories?post=21449"},{"taxonomy":"post_tag","embeddable":true,"href":"https:\/\/fcliege.be\/fr\/wp-json\/wp\/v2\/tags?post=21449"}],"curies":[{"name":"wp","href":"https:\/\/api.w.org\/{rel}","templated":true}]}}