{"id":21501,"date":"2023-04-06T21:18:40","date_gmt":"2023-04-06T19:18:40","guid":{"rendered":"https:\/\/fcliege.be\/fr\/?p=21501"},"modified":"2023-04-06T21:18:58","modified_gmt":"2023-04-06T19:18:58","slug":"ohl-u23-olympic-rejet-du-recours-en-evocation","status":"publish","type":"post","link":"https:\/\/fcliege.be\/fr\/ohl-u23-olympic-rejet-du-recours-en-evocation\/","title":{"rendered":"OHL U23-Olympic : rejet du recours en \u00e9vocation"},"content":{"rendered":"\n<p><\/p>\n\n\n\n<h4 class=\"wp-block-heading\"><strong>Le recours en \u00e9vocation introduit par l\u2019Olympic de Charleroi a \u00e9t\u00e9 rejet\u00e9.<\/strong><\/h4>\n\n\n\n<p>La Commission d\u2019Evocation a d\u00e9clar\u00e9 le recours de l\u2019Olympic recevable mais non fond\u00e9. Comme l\u2019avait soutenu notre directeur g\u00e9n\u00e9ral \u00e0 l\u2019audience du 24 mars dernier, la d\u00e9cision rendue ce jeudi a rejet\u00e9 tous les moyens invoqu\u00e9s par le club carolo.<\/p>\n\n\n\n<p>La d\u00e9cision du Comit\u00e9 d\u2019Appel avait retir\u00e9 le point du match nul \u00e0 OHL U23 mais, pour des raisons d\u2019\u00e9thique sportive, avait refus\u00e9 d&rsquo;accorder les trois points du forfait \u00e0 l\u2019Olympic. Cette d\u00e9cision est donc aujourd\u2019hui d\u00e9finitive.<\/p>\n\n\n\n<p>L\u2019\u00e9cart entre le RFCL et l\u2019Olympic reste ainsi inchang\u00e9 et conforme aux r\u00e9sultats sportifs de chaque \u00e9quipe sur le terrain.<\/p>\n","protected":false},"excerpt":{"rendered":"<p>Le recours en \u00e9vocation introduit par l\u2019Olympic de Charleroi a \u00e9t\u00e9 rejet\u00e9. La Commission d\u2019Evocation a d\u00e9clar\u00e9 le recours de l\u2019Olympic recevable mais non fond\u00e9. Comme l\u2019avait soutenu notre directeur g\u00e9n\u00e9ral \u00e0 l\u2019audience du 24 mars dernier, la d\u00e9cision rendue ce jeudi a rejet\u00e9 tous les moyens invoqu\u00e9s par le club carolo. La d\u00e9cision du [&hellip;]<\/p>\n","protected":false},"author":12,"featured_media":0,"comment_status":"closed","ping_status":"closed","sticky":false,"template":"","format":"standard","meta":{"iawp_total_views":0},"categories":[1,24],"tags":[],"_links":{"self":[{"href":"https:\/\/fcliege.be\/fr\/wp-json\/wp\/v2\/posts\/21501"}],"collection":[{"href":"https:\/\/fcliege.be\/fr\/wp-json\/wp\/v2\/posts"}],"about":[{"href":"https:\/\/fcliege.be\/fr\/wp-json\/wp\/v2\/types\/post"}],"author":[{"embeddable":true,"href":"https:\/\/fcliege.be\/fr\/wp-json\/wp\/v2\/users\/12"}],"replies":[{"embeddable":true,"href":"https:\/\/fcliege.be\/fr\/wp-json\/wp\/v2\/comments?post=21501"}],"version-history":[{"count":2,"href":"https:\/\/fcliege.be\/fr\/wp-json\/wp\/v2\/posts\/21501\/revisions"}],"predecessor-version":[{"id":21504,"href":"https:\/\/fcliege.be\/fr\/wp-json\/wp\/v2\/posts\/21501\/revisions\/21504"}],"wp:attachment":[{"href":"https:\/\/fcliege.be\/fr\/wp-json\/wp\/v2\/media?parent=21501"}],"wp:term":[{"taxonomy":"category","embeddable":true,"href":"https:\/\/fcliege.be\/fr\/wp-json\/wp\/v2\/categories?post=21501"},{"taxonomy":"post_tag","embeddable":true,"href":"https:\/\/fcliege.be\/fr\/wp-json\/wp\/v2\/tags?post=21501"}],"curies":[{"name":"wp","href":"https:\/\/api.w.org\/{rel}","templated":true}]}}