{"id":21505,"date":"2023-04-08T13:07:37","date_gmt":"2023-04-08T11:07:37","guid":{"rendered":"https:\/\/fcliege.be\/fr\/?p=21505"},"modified":"2023-04-08T13:10:05","modified_gmt":"2023-04-08T11:10:05","slug":"interview-la-parole-a-benjamin-lambot-2","status":"publish","type":"post","link":"https:\/\/fcliege.be\/fr\/interview-la-parole-a-benjamin-lambot-2\/","title":{"rendered":"Interview | La parole \u00e0 Benjamin Lambot"},"content":{"rendered":"\n<p><\/p>\n\n\n\n<p><strong>L&rsquo;interview de la semaine, en compagnie de Benjamin Lambot<\/strong><\/p>\n\n\n\n<p><strong>Ce dimanche vous avez inscrit votre 3\u00e8me but en 4 rencontres. Une reconversion en attaquant est-elle envisageable ?<\/strong><\/p>\n\n\n\n<p>Je pense que c\u2019est un peu tard ! Il est vrai que j\u2019ai commenc\u00e9 comme attaquant \u00e0 20 ans et c\u2019est agr\u00e9able de savoir que je suis encore capable de me servir de cette exp\u00e9rience pour aider l\u2019\u00e9quipe dans les moments importants.<\/p>\n\n\n\n<p><strong>Avec cette victoire face aux jeunes louvanistes, l\u2019\u00e9quipe se rapproche encore de son objectif. Qu\u2019en pensez-vous ?<\/strong><\/p>\n\n\n\n<p>Il nous restes 7 matchs et nous allons essayer de tous les remporter afin de valider notre ticket pour la D1B le plus vite possible. On pourra ensuite se focaliser sur la premi\u00e8re place.<\/p>\n\n\n\n<p><strong>L\u2019\u00e9quipe va affronter Mandel qui est dernier du classement. Il faudra n\u00e9anmoins rester attentif ?<\/strong><\/p>\n\n\n\n<p>En effet, on a d\u00e9j\u00e0 pu constater face \u00e0 des \u00e9quipes de bas de classement qu\u2019il n\u2019est pas toujours facile de s\u2019imposer. Comme par exemple Hoogstraten, o\u00f9 nous avions termin\u00e9 le match sur un nul. Ce d\u00e9placement \u00e0 Mandel sera certainement tr\u00e8s compliqu\u00e9 mais si nous restons concentr\u00e9s et appliqu\u00e9s, il ne devrait pas y avoir de probl\u00e8me.<\/p>\n\n\n\n<p><strong>Bien que l\u2019objectif soit la mont\u00e9e en D1B, le titre ne se trouve qu\u2019\u00e0 5 points. Est-ce que l\u2019\u00e9quipe se sent capable de pouvoir rafler la premi\u00e8re place au Patro ?<\/strong><\/p>\n\n\n\n<p>Bien s\u00fbr ! M\u00eame si de notre c\u00f4t\u00e9 l\u2019objectif premier reste la mont\u00e9e. Nous allons faire comme d\u2019habitude en prenant match par match et tenter d\u2019encha\u00eener les victoires. Et nous verrons si le Patro perd des points dans les semaines qui viennent.<\/p>\n\n\n\n<figure class=\"wp-block-image size-large\"><img decoding=\"async\" loading=\"lazy\" width=\"1024\" height=\"1024\" src=\"https:\/\/fcliege.be\/fr\/wp-content\/uploads\/2023\/04\/lambot-1024x1024.jpg\" alt=\"\" class=\"wp-image-21510\" srcset=\"https:\/\/fcliege.be\/fr\/wp-content\/uploads\/2023\/04\/lambot-1024x1024.jpg 1024w, https:\/\/fcliege.be\/fr\/wp-content\/uploads\/2023\/04\/lambot-300x300.jpg 300w, https:\/\/fcliege.be\/fr\/wp-content\/uploads\/2023\/04\/lambot-150x150.jpg 150w, https:\/\/fcliege.be\/fr\/wp-content\/uploads\/2023\/04\/lambot-768x768.jpg 768w, https:\/\/fcliege.be\/fr\/wp-content\/uploads\/2023\/04\/lambot-1536x1536.jpg 1536w, https:\/\/fcliege.be\/fr\/wp-content\/uploads\/2023\/04\/lambot.jpg 1920w\" sizes=\"(max-width: 1024px) 100vw, 1024px\" \/><\/figure>\n","protected":false},"excerpt":{"rendered":"<p>L&rsquo;interview de la semaine, en compagnie de Benjamin Lambot Ce dimanche vous avez inscrit votre 3\u00e8me but en 4 rencontres. Une reconversion en attaquant est-elle envisageable ? Je pense que c\u2019est un peu tard ! Il est vrai que j\u2019ai commenc\u00e9 comme attaquant \u00e0 20 ans et c\u2019est agr\u00e9able de savoir que je suis encore [&hellip;]<\/p>\n","protected":false},"author":12,"featured_media":21508,"comment_status":"closed","ping_status":"closed","sticky":false,"template":"","format":"standard","meta":{"iawp_total_views":0},"categories":[1,24],"tags":[],"_links":{"self":[{"href":"https:\/\/fcliege.be\/fr\/wp-json\/wp\/v2\/posts\/21505"}],"collection":[{"href":"https:\/\/fcliege.be\/fr\/wp-json\/wp\/v2\/posts"}],"about":[{"href":"https:\/\/fcliege.be\/fr\/wp-json\/wp\/v2\/types\/post"}],"author":[{"embeddable":true,"href":"https:\/\/fcliege.be\/fr\/wp-json\/wp\/v2\/users\/12"}],"replies":[{"embeddable":true,"href":"https:\/\/fcliege.be\/fr\/wp-json\/wp\/v2\/comments?post=21505"}],"version-history":[{"count":4,"href":"https:\/\/fcliege.be\/fr\/wp-json\/wp\/v2\/posts\/21505\/revisions"}],"predecessor-version":[{"id":21511,"href":"https:\/\/fcliege.be\/fr\/wp-json\/wp\/v2\/posts\/21505\/revisions\/21511"}],"wp:featuredmedia":[{"embeddable":true,"href":"https:\/\/fcliege.be\/fr\/wp-json\/wp\/v2\/media\/21508"}],"wp:attachment":[{"href":"https:\/\/fcliege.be\/fr\/wp-json\/wp\/v2\/media?parent=21505"}],"wp:term":[{"taxonomy":"category","embeddable":true,"href":"https:\/\/fcliege.be\/fr\/wp-json\/wp\/v2\/categories?post=21505"},{"taxonomy":"post_tag","embeddable":true,"href":"https:\/\/fcliege.be\/fr\/wp-json\/wp\/v2\/tags?post=21505"}],"curies":[{"name":"wp","href":"https:\/\/api.w.org\/{rel}","templated":true}]}}