{"id":21540,"date":"2023-04-11T12:27:24","date_gmt":"2023-04-11T10:27:24","guid":{"rendered":"https:\/\/fcliege.be\/fr\/?p=21540"},"modified":"2023-04-11T12:39:13","modified_gmt":"2023-04-11T10:39:13","slug":"dessel-rfcl-pas-de-combi-car-15-04","status":"publish","type":"post","link":"https:\/\/fcliege.be\/fr\/dessel-rfcl-pas-de-combi-car-15-04\/","title":{"rendered":"Dessel-RFCL | Pas de combi car (15\/04)"},"content":{"rendered":"\n<p><\/p>\n\n\n\n<h4 class=\"wp-block-heading\"><strong>La formule combi-car n\u2019est PAS d\u2019application pour le d\u00e9placement \u00e0 Dessel. Les guichets seront ouverts au stade de Dessel.<\/strong><\/h4>\n\n\n\n<p>Nous organisons n\u00e9anmoins une <strong>pr\u00e9vente <\/strong>ce vendredi entre 13h et 16h.<\/p>\n\n\n\n<p>Nous disposons de 72 places en tribune assise \u00e0<strong> 15\u20ac<\/strong> et de 300 places en tribune debout \u00e0 <strong>12\u20ac<\/strong>.<\/p>\n\n\n\n<p>Les moins de 16 ans b\u00e9n\u00e9ficient de la <strong>gratuit\u00e9 <\/strong>sur production de leur carte d\u2019identit\u00e9.<\/p>\n\n\n\n<p>Allons Li\u00e8ge !<\/p>\n","protected":false},"excerpt":{"rendered":"<p>La formule combi-car n\u2019est PAS d\u2019application pour le d\u00e9placement \u00e0 Dessel. Les guichets seront ouverts au stade de Dessel. Nous organisons n\u00e9anmoins une pr\u00e9vente ce vendredi entre 13h et 16h. Nous disposons de 72 places en tribune assise \u00e0 15\u20ac et de 300 places en tribune debout \u00e0 12\u20ac. Les moins de 16 ans b\u00e9n\u00e9ficient [&hellip;]<\/p>\n","protected":false},"author":12,"featured_media":21541,"comment_status":"closed","ping_status":"closed","sticky":false,"template":"","format":"standard","meta":{"iawp_total_views":0},"categories":[24,28],"tags":[],"_links":{"self":[{"href":"https:\/\/fcliege.be\/fr\/wp-json\/wp\/v2\/posts\/21540"}],"collection":[{"href":"https:\/\/fcliege.be\/fr\/wp-json\/wp\/v2\/posts"}],"about":[{"href":"https:\/\/fcliege.be\/fr\/wp-json\/wp\/v2\/types\/post"}],"author":[{"embeddable":true,"href":"https:\/\/fcliege.be\/fr\/wp-json\/wp\/v2\/users\/12"}],"replies":[{"embeddable":true,"href":"https:\/\/fcliege.be\/fr\/wp-json\/wp\/v2\/comments?post=21540"}],"version-history":[{"count":2,"href":"https:\/\/fcliege.be\/fr\/wp-json\/wp\/v2\/posts\/21540\/revisions"}],"predecessor-version":[{"id":21543,"href":"https:\/\/fcliege.be\/fr\/wp-json\/wp\/v2\/posts\/21540\/revisions\/21543"}],"wp:featuredmedia":[{"embeddable":true,"href":"https:\/\/fcliege.be\/fr\/wp-json\/wp\/v2\/media\/21541"}],"wp:attachment":[{"href":"https:\/\/fcliege.be\/fr\/wp-json\/wp\/v2\/media?parent=21540"}],"wp:term":[{"taxonomy":"category","embeddable":true,"href":"https:\/\/fcliege.be\/fr\/wp-json\/wp\/v2\/categories?post=21540"},{"taxonomy":"post_tag","embeddable":true,"href":"https:\/\/fcliege.be\/fr\/wp-json\/wp\/v2\/tags?post=21540"}],"curies":[{"name":"wp","href":"https:\/\/api.w.org\/{rel}","templated":true}]}}