{"id":21552,"date":"2023-04-13T15:04:57","date_gmt":"2023-04-13T13:04:57","guid":{"rendered":"https:\/\/fcliege.be\/fr\/?p=21552"},"modified":"2023-04-13T15:10:09","modified_gmt":"2023-04-13T13:10:09","slug":"equipe-a-lejoly-manquera-rfcl-winkel","status":"publish","type":"post","link":"https:\/\/fcliege.be\/fr\/equipe-a-lejoly-manquera-rfcl-winkel\/","title":{"rendered":"Equipe A | Lejoly manquera RFCL-Winkel"},"content":{"rendered":"\n<p><\/p>\n\n\n\n<h4 class=\"wp-block-heading\"><strong>Exclu \u00e0 la 40\u00e8me minute de la rencontre RFCL-OHL U23, Antoine Lejoly a re\u00e7u du Parquet F\u00e9d\u00e9ral une proposition de suspension de deux rencontres.<\/strong><\/h4>\n\n\n\n<p>Il a fait opposition \u00e0 la suite de cette proposition et a comparu ce 12 avril devant le Comit\u00e9 Sportif. L\u2019instance disciplinaire a fait droit \u00e0 l\u2019argumentation d\u00e9velopp\u00e9e par notre directeur g\u00e9n\u00e9ral (requalification des faits et application du code A2 &#8211; au lieu du code A3 &#8211; du tableau disciplinaire indicatif).<\/p>\n\n\n\n<p><strong>La suspension inflig\u00e9e \u00e0 notre gardien est ainsi ramen\u00e9e \u00e0 une seule journ\u00e9e.<\/strong><\/p>\n\n\n\n<p>La suspension devra \u00eatre purg\u00e9e lors du premier match officiel suivant la date du 17 avril, soit lors de la rencontre \u00e0 domicile du samedi 22 avril contre Winkel.<\/p>\n","protected":false},"excerpt":{"rendered":"<p>Exclu \u00e0 la 40\u00e8me minute de la rencontre RFCL-OHL U23, Antoine Lejoly a re\u00e7u du Parquet F\u00e9d\u00e9ral une proposition de suspension de deux rencontres. Il a fait opposition \u00e0 la suite de cette proposition et a comparu ce 12 avril devant le Comit\u00e9 Sportif. L\u2019instance disciplinaire a fait droit \u00e0 l\u2019argumentation d\u00e9velopp\u00e9e par notre directeur [&hellip;]<\/p>\n","protected":false},"author":12,"featured_media":21557,"comment_status":"closed","ping_status":"closed","sticky":false,"template":"","format":"standard","meta":{"iawp_total_views":0},"categories":[24,26],"tags":[],"_links":{"self":[{"href":"https:\/\/fcliege.be\/fr\/wp-json\/wp\/v2\/posts\/21552"}],"collection":[{"href":"https:\/\/fcliege.be\/fr\/wp-json\/wp\/v2\/posts"}],"about":[{"href":"https:\/\/fcliege.be\/fr\/wp-json\/wp\/v2\/types\/post"}],"author":[{"embeddable":true,"href":"https:\/\/fcliege.be\/fr\/wp-json\/wp\/v2\/users\/12"}],"replies":[{"embeddable":true,"href":"https:\/\/fcliege.be\/fr\/wp-json\/wp\/v2\/comments?post=21552"}],"version-history":[{"count":3,"href":"https:\/\/fcliege.be\/fr\/wp-json\/wp\/v2\/posts\/21552\/revisions"}],"predecessor-version":[{"id":21556,"href":"https:\/\/fcliege.be\/fr\/wp-json\/wp\/v2\/posts\/21552\/revisions\/21556"}],"wp:featuredmedia":[{"embeddable":true,"href":"https:\/\/fcliege.be\/fr\/wp-json\/wp\/v2\/media\/21557"}],"wp:attachment":[{"href":"https:\/\/fcliege.be\/fr\/wp-json\/wp\/v2\/media?parent=21552"}],"wp:term":[{"taxonomy":"category","embeddable":true,"href":"https:\/\/fcliege.be\/fr\/wp-json\/wp\/v2\/categories?post=21552"},{"taxonomy":"post_tag","embeddable":true,"href":"https:\/\/fcliege.be\/fr\/wp-json\/wp\/v2\/tags?post=21552"}],"curies":[{"name":"wp","href":"https:\/\/api.w.org\/{rel}","templated":true}]}}