{"id":21559,"date":"2023-04-14T11:06:45","date_gmt":"2023-04-14T09:06:45","guid":{"rendered":"https:\/\/fcliege.be\/fr\/?p=21559"},"modified":"2023-04-14T11:06:55","modified_gmt":"2023-04-14T09:06:55","slug":"equipe-a-yannick-reuten-quittera-le-rfcl","status":"publish","type":"post","link":"https:\/\/fcliege.be\/fr\/equipe-a-yannick-reuten-quittera-le-rfcl\/","title":{"rendered":"Equipe A | Yannick Reuten quittera le RFCL"},"content":{"rendered":"\n<h4 class=\"wp-block-heading\"><br><strong>Yannick Reuten, auteur d\u2019un but cette saison, ne prolongera pas son contrat qui vient \u00e0 terme ce 30 juin.<\/strong><\/h4>\n\n\n\n<p>Il s\u2019est exprim\u00e9 ce mercredi devant le staff et les joueurs du noyau A pour leur annoncer que son choix de vie le conduirait \u00e0 <strong>Lokeren <\/strong>(club de 2\u00e8me division amateur VV appel\u00e9 \u00e0 \u00eatre promu en Nationale 1).<\/p>\n\n\n\n<p>Yannick a entam\u00e9 une carri\u00e8re professionnelle dans le secteur immobilier et recherchait un club o\u00f9 notamment les entrainements se donneraient uniquement en soir\u00e9e.<\/p>\n\n\n\n<p>Il reste impliqu\u00e9 dans la fin de notre saison esp\u00e9rant pouvoir encore contribuer aux succ\u00e8s des Sang &amp; Marine.<\/p>\n","protected":false},"excerpt":{"rendered":"<p>Yannick Reuten, auteur d\u2019un but cette saison, ne prolongera pas son contrat qui vient \u00e0 terme ce 30 juin. Il s\u2019est exprim\u00e9 ce mercredi devant le staff et les joueurs du noyau A pour leur annoncer que son choix de vie le conduirait \u00e0 Lokeren (club de 2\u00e8me division amateur VV appel\u00e9 \u00e0 \u00eatre promu [&hellip;]<\/p>\n","protected":false},"author":12,"featured_media":21560,"comment_status":"closed","ping_status":"closed","sticky":false,"template":"","format":"standard","meta":{"iawp_total_views":2},"categories":[1,24],"tags":[],"_links":{"self":[{"href":"https:\/\/fcliege.be\/fr\/wp-json\/wp\/v2\/posts\/21559"}],"collection":[{"href":"https:\/\/fcliege.be\/fr\/wp-json\/wp\/v2\/posts"}],"about":[{"href":"https:\/\/fcliege.be\/fr\/wp-json\/wp\/v2\/types\/post"}],"author":[{"embeddable":true,"href":"https:\/\/fcliege.be\/fr\/wp-json\/wp\/v2\/users\/12"}],"replies":[{"embeddable":true,"href":"https:\/\/fcliege.be\/fr\/wp-json\/wp\/v2\/comments?post=21559"}],"version-history":[{"count":2,"href":"https:\/\/fcliege.be\/fr\/wp-json\/wp\/v2\/posts\/21559\/revisions"}],"predecessor-version":[{"id":21562,"href":"https:\/\/fcliege.be\/fr\/wp-json\/wp\/v2\/posts\/21559\/revisions\/21562"}],"wp:featuredmedia":[{"embeddable":true,"href":"https:\/\/fcliege.be\/fr\/wp-json\/wp\/v2\/media\/21560"}],"wp:attachment":[{"href":"https:\/\/fcliege.be\/fr\/wp-json\/wp\/v2\/media?parent=21559"}],"wp:term":[{"taxonomy":"category","embeddable":true,"href":"https:\/\/fcliege.be\/fr\/wp-json\/wp\/v2\/categories?post=21559"},{"taxonomy":"post_tag","embeddable":true,"href":"https:\/\/fcliege.be\/fr\/wp-json\/wp\/v2\/tags?post=21559"}],"curies":[{"name":"wp","href":"https:\/\/api.w.org\/{rel}","templated":true}]}}