{"id":21938,"date":"2023-05-23T08:10:00","date_gmt":"2023-05-23T06:10:00","guid":{"rendered":"https:\/\/fcliege.be\/fr\/?p=21938"},"modified":"2023-05-23T02:10:47","modified_gmt":"2023-05-23T00:10:47","slug":"2023-2024-jordan-bustin-prolonge-jusque-2026","status":"publish","type":"post","link":"https:\/\/fcliege.be\/fr\/2023-2024-jordan-bustin-prolonge-jusque-2026\/","title":{"rendered":"2023-2024 | Jordan Bustin prolonge jusque 2026"},"content":{"rendered":"\n<p><\/p>\n\n\n\n<h4 class=\"wp-block-heading\"><strong>Notre num\u00e9ro 4 a connu une saison exceptionnelle aussi bien au niveau collectif qu\u2019au niveau personnel (5 buts). Chacun se r\u00e9jouira en cons\u00e9quence qu\u2019il se soit engag\u00e9 avec le club jusqu\u2019au 30\/06\/2026.<\/strong><\/h4>\n\n\n\n<p>Issu de notre formation, Jordan <strong>Bustin <\/strong>a gravi un \u00e0 un les \u00e9chelons.<\/p>\n\n\n\n<p>Il \u00e9tait essentiel en vue de notre premi\u00e8re saison en Challenger Pro League de pouvoir compter sur lui.<br>Le duo Jordan <strong>Bustin <\/strong>&#8211; Benjamin <strong>Lambot <\/strong>restera notre verrou pour les attaquants adverses.<\/p>\n","protected":false},"excerpt":{"rendered":"<p>Notre num\u00e9ro 4 a connu une saison exceptionnelle aussi bien au niveau collectif qu\u2019au niveau personnel (5 buts). Chacun se r\u00e9jouira en cons\u00e9quence qu\u2019il se soit engag\u00e9 avec le club jusqu\u2019au 30\/06\/2026. Issu de notre formation, Jordan Bustin a gravi un \u00e0 un les \u00e9chelons. Il \u00e9tait essentiel en vue de notre premi\u00e8re saison en [&hellip;]<\/p>\n","protected":false},"author":12,"featured_media":22110,"comment_status":"closed","ping_status":"closed","sticky":false,"template":"","format":"standard","meta":{"iawp_total_views":0},"categories":[24,26],"tags":[],"_links":{"self":[{"href":"https:\/\/fcliege.be\/fr\/wp-json\/wp\/v2\/posts\/21938"}],"collection":[{"href":"https:\/\/fcliege.be\/fr\/wp-json\/wp\/v2\/posts"}],"about":[{"href":"https:\/\/fcliege.be\/fr\/wp-json\/wp\/v2\/types\/post"}],"author":[{"embeddable":true,"href":"https:\/\/fcliege.be\/fr\/wp-json\/wp\/v2\/users\/12"}],"replies":[{"embeddable":true,"href":"https:\/\/fcliege.be\/fr\/wp-json\/wp\/v2\/comments?post=21938"}],"version-history":[{"count":3,"href":"https:\/\/fcliege.be\/fr\/wp-json\/wp\/v2\/posts\/21938\/revisions"}],"predecessor-version":[{"id":22108,"href":"https:\/\/fcliege.be\/fr\/wp-json\/wp\/v2\/posts\/21938\/revisions\/22108"}],"wp:featuredmedia":[{"embeddable":true,"href":"https:\/\/fcliege.be\/fr\/wp-json\/wp\/v2\/media\/22110"}],"wp:attachment":[{"href":"https:\/\/fcliege.be\/fr\/wp-json\/wp\/v2\/media?parent=21938"}],"wp:term":[{"taxonomy":"category","embeddable":true,"href":"https:\/\/fcliege.be\/fr\/wp-json\/wp\/v2\/categories?post=21938"},{"taxonomy":"post_tag","embeddable":true,"href":"https:\/\/fcliege.be\/fr\/wp-json\/wp\/v2\/tags?post=21938"}],"curies":[{"name":"wp","href":"https:\/\/api.w.org\/{rel}","templated":true}]}}