{"id":22055,"date":"2023-05-22T08:55:00","date_gmt":"2023-05-22T06:55:00","guid":{"rendered":"https:\/\/fcliege.be\/fr\/?p=22055"},"modified":"2023-05-21T22:11:51","modified_gmt":"2023-05-21T20:11:51","slug":"2023-2024-merci-jeremy","status":"publish","type":"post","link":"https:\/\/fcliege.be\/fr\/2023-2024-merci-jeremy\/","title":{"rendered":"Communiqu\u00e9 | Merci J\u00e9r\u00e9my !"},"content":{"rendered":"\n<p><\/p>\n\n\n\n<h4 class=\"wp-block-heading\"><strong>Ce vendredi 19 mai, au terme d\u2019un premier entretien avec notre coach et d\u2019un second avec notre directeur g\u00e9n\u00e9ral, J\u00e9r\u00e9my Perbet a exprim\u00e9 le souhait de quitter le club et de ne pas prester sa derni\u00e8re ann\u00e9e de contrat.<\/strong><\/h4>\n\n\n\n<p>Terminer en beaut\u00e9 et en totale communion avec ses co\u00e9quipiers et les supporters, voil\u00e0 ce qui \u00e9tait sa seule demande ! Cette victoire contre Knokke dans un stade comble, 3 nouveaux buts et le titre de meilleur buteur de Nationale pour la seconde saison cons\u00e9cutive ont assur\u00e9ment permis \u00e0 J\u00e9r\u00e9my de finir en apoth\u00e9ose son parcours de deux saisons au RFCL.<\/p>\n\n\n\n<p>Le RFCL a acc\u00e9d\u00e9 \u00e0 la demande de son attaquant et veillera \u00e0 trouver d\u2019ici la reprise son successeur appel\u00e9 \u00e0 secouer les d\u00e9fenses de la Challenger Pro League.<\/p>\n\n\n\n<p>Nous reproduisons ici le message qui est diffus\u00e9 ce matin par J\u00e9r\u00e9my <strong>Perbet <\/strong>sur ses r\u00e9seaux sociaux :<\/p>\n\n\n\n<p><em>\u00ab\u00a0D\u00e9cision tr\u00e8s difficile \u00e0 prendre mais m\u00fbrement r\u00e9fl\u00e9chie et surtout avec le sentiment du devoir accompli, d\u2019avoir tout donn\u00e9 pour le club et d\u2019avoir atteint les objectifs collectifs et personnels. J\u2019ai eu beaucoup de chance de faire partie de ce club mythique. Merci au Pr\u00e9sident, au staff, \u00e0 vous supporters et bien s\u00fbr \u00e0 mes co\u00e9quipiers pour ces 2 ann\u00e9es ponctu\u00e9es par ce retour dans le monde Pro \u00e0 jamais grav\u00e9. Je vous souhaite d\u2019ores et d\u00e9j\u00e0 \u00e0 tous une bonne saison en D1B. Une certaine tristesse m\u2019anime aujourd\u2019hui mais \u00e0 partir de demain je serai d\u00e9j\u00e0 tourn\u00e9 vers de nouveaux objectifs en gardant en moi ces magnifiques souvenirs. Vous allez sinc\u00e8rement me manquer. A bient\u00f4t RFC Li\u00e8ge\u00a0\u00bb<\/em><\/p>\n\n\n\n<p><strong><a href=\"https:\/\/www.youtube.com\/watch?v=dvIctg3PtN8\" target=\"_blank\" rel=\"noreferrer noopener\">&gt; Le dernier but de J\u00e9r\u00e9my sous les couleurs du RFCL<\/a><\/strong><\/p>\n","protected":false},"excerpt":{"rendered":"<p>Ce vendredi 19 mai, au terme d\u2019un premier entretien avec notre coach et d\u2019un second avec notre directeur g\u00e9n\u00e9ral, J\u00e9r\u00e9my Perbet a exprim\u00e9 le souhait de quitter le club et de ne pas prester sa derni\u00e8re ann\u00e9e de contrat. Terminer en beaut\u00e9 et en totale communion avec ses co\u00e9quipiers et les supporters, voil\u00e0 ce qui [&hellip;]<\/p>\n","protected":false},"author":12,"featured_media":22083,"comment_status":"closed","ping_status":"closed","sticky":false,"template":"","format":"standard","meta":{"iawp_total_views":0},"categories":[24,26],"tags":[],"_links":{"self":[{"href":"https:\/\/fcliege.be\/fr\/wp-json\/wp\/v2\/posts\/22055"}],"collection":[{"href":"https:\/\/fcliege.be\/fr\/wp-json\/wp\/v2\/posts"}],"about":[{"href":"https:\/\/fcliege.be\/fr\/wp-json\/wp\/v2\/types\/post"}],"author":[{"embeddable":true,"href":"https:\/\/fcliege.be\/fr\/wp-json\/wp\/v2\/users\/12"}],"replies":[{"embeddable":true,"href":"https:\/\/fcliege.be\/fr\/wp-json\/wp\/v2\/comments?post=22055"}],"version-history":[{"count":9,"href":"https:\/\/fcliege.be\/fr\/wp-json\/wp\/v2\/posts\/22055\/revisions"}],"predecessor-version":[{"id":22085,"href":"https:\/\/fcliege.be\/fr\/wp-json\/wp\/v2\/posts\/22055\/revisions\/22085"}],"wp:featuredmedia":[{"embeddable":true,"href":"https:\/\/fcliege.be\/fr\/wp-json\/wp\/v2\/media\/22083"}],"wp:attachment":[{"href":"https:\/\/fcliege.be\/fr\/wp-json\/wp\/v2\/media?parent=22055"}],"wp:term":[{"taxonomy":"category","embeddable":true,"href":"https:\/\/fcliege.be\/fr\/wp-json\/wp\/v2\/categories?post=22055"},{"taxonomy":"post_tag","embeddable":true,"href":"https:\/\/fcliege.be\/fr\/wp-json\/wp\/v2\/tags?post=22055"}],"curies":[{"name":"wp","href":"https:\/\/api.w.org\/{rel}","templated":true}]}}