{"id":22073,"date":"2023-05-22T12:00:00","date_gmt":"2023-05-22T10:00:00","guid":{"rendered":"https:\/\/fcliege.be\/fr\/?p=22073"},"modified":"2023-05-21T16:16:42","modified_gmt":"2023-05-21T14:16:42","slug":"2023-2024-jeremie-lioka-lima-au-rfcl","status":"publish","type":"post","link":"https:\/\/fcliege.be\/fr\/2023-2024-jeremie-lioka-lima-au-rfcl\/","title":{"rendered":"2023-2024 | J\u00e9r\u00e9mie\u00a0Lioka Lima au RFCL"},"content":{"rendered":"\n<p><\/p>\n\n\n\n<h4 class=\"wp-block-heading\"><strong>J\u00e9r\u00e9mie\u00a0Lioka Lima vient de signer un contrat professionnel le liant pour les deux prochaines saisons au RFCL. Bienvenue \u00e0 lui !<\/strong><\/h4>\n\n\n\n<p>Form\u00e9 aux Lilas et la Jeanne d\u2019Arc de Drancy (en r\u00e9gion parisienne), ensuite \u00e0 Valenciennes et affili\u00e9 \u00e0 l\u2019Olympic de Charleroi depuis 2020, J\u00e9r\u00e9mie vient de conna\u00eetre quelques mois difficiles dans le club dirig\u00e9 par Momo Dahmane. Il \u00e9tait en fin de contrat.<\/p>\n\n\n\n<p><em>\u00ab\u00a0Je suis particuli\u00e8rement heureux d\u2019avoir \u00e9t\u00e9 suivi par les recruteurs du RFCL et de pouvoir aujourd\u2019hui m\u2019engager pour un club historique soutenu par de nombreux supporters. Je remercie Ga\u00ebtan <strong>Englebert <\/strong>pour la confiance qu\u2019il m\u2019accorde et je me r\u00e9jouis d\u00e9j\u00e0 de participer aux premiers entrainements \u00e0 la mi-juin\u00a0\u00bb<\/em>, d\u00e9clare notre nouveau joueur.<\/p>\n\n\n\n<p>J\u00e9r\u00e9mie peut \u00e9voluer aussi bien \u00e0 droite et \u00e0 gauche de la d\u00e9fense.<\/p>\n","protected":false},"excerpt":{"rendered":"<p>J\u00e9r\u00e9mie\u00a0Lioka Lima vient de signer un contrat professionnel le liant pour les deux prochaines saisons au RFCL. Bienvenue \u00e0 lui ! Form\u00e9 aux Lilas et la Jeanne d\u2019Arc de Drancy (en r\u00e9gion parisienne), ensuite \u00e0 Valenciennes et affili\u00e9 \u00e0 l\u2019Olympic de Charleroi depuis 2020, J\u00e9r\u00e9mie vient de conna\u00eetre quelques mois difficiles dans le club dirig\u00e9 [&hellip;]<\/p>\n","protected":false},"author":12,"featured_media":22076,"comment_status":"closed","ping_status":"closed","sticky":false,"template":"","format":"standard","meta":{"iawp_total_views":1},"categories":[24,26],"tags":[],"_links":{"self":[{"href":"https:\/\/fcliege.be\/fr\/wp-json\/wp\/v2\/posts\/22073"}],"collection":[{"href":"https:\/\/fcliege.be\/fr\/wp-json\/wp\/v2\/posts"}],"about":[{"href":"https:\/\/fcliege.be\/fr\/wp-json\/wp\/v2\/types\/post"}],"author":[{"embeddable":true,"href":"https:\/\/fcliege.be\/fr\/wp-json\/wp\/v2\/users\/12"}],"replies":[{"embeddable":true,"href":"https:\/\/fcliege.be\/fr\/wp-json\/wp\/v2\/comments?post=22073"}],"version-history":[{"count":4,"href":"https:\/\/fcliege.be\/fr\/wp-json\/wp\/v2\/posts\/22073\/revisions"}],"predecessor-version":[{"id":22078,"href":"https:\/\/fcliege.be\/fr\/wp-json\/wp\/v2\/posts\/22073\/revisions\/22078"}],"wp:featuredmedia":[{"embeddable":true,"href":"https:\/\/fcliege.be\/fr\/wp-json\/wp\/v2\/media\/22076"}],"wp:attachment":[{"href":"https:\/\/fcliege.be\/fr\/wp-json\/wp\/v2\/media?parent=22073"}],"wp:term":[{"taxonomy":"category","embeddable":true,"href":"https:\/\/fcliege.be\/fr\/wp-json\/wp\/v2\/categories?post=22073"},{"taxonomy":"post_tag","embeddable":true,"href":"https:\/\/fcliege.be\/fr\/wp-json\/wp\/v2\/tags?post=22073"}],"curies":[{"name":"wp","href":"https:\/\/api.w.org\/{rel}","templated":true}]}}