{"id":22093,"date":"2023-05-22T19:11:23","date_gmt":"2023-05-22T17:11:23","guid":{"rendered":"https:\/\/fcliege.be\/fr\/?p=22093"},"modified":"2023-05-22T19:11:23","modified_gmt":"2023-05-22T17:11:23","slug":"2023-2024-notre-duo-de-gardiens-reconduit","status":"publish","type":"post","link":"https:\/\/fcliege.be\/fr\/2023-2024-notre-duo-de-gardiens-reconduit\/","title":{"rendered":"2023-2024 | Notre duo de gardiens reconduit"},"content":{"rendered":"\n<p><\/p>\n\n\n\n<h4 class=\"wp-block-heading\"><strong>Antoine Lejoly avait sign\u00e9 l\u2019\u00e9t\u00e9 dernier un contrat venant \u00e0 \u00e9ch\u00e9ance en juin 2025. Kevin Debaty \u00e9tait en fin de contrat. Il vient \u00e0 son tour de parapher un contrat de deux saisons. Le duo est ainsi reconduit !<\/strong><\/h4>\n\n\n\n<p>F\u00e9licitations \u00e0 Kevin, ainsi r\u00e9compens\u00e9 pour ses prestations et sa fid\u00e9lit\u00e9 envers le club.<\/p>\n","protected":false},"excerpt":{"rendered":"<p>Antoine Lejoly avait sign\u00e9 l\u2019\u00e9t\u00e9 dernier un contrat venant \u00e0 \u00e9ch\u00e9ance en juin 2025. Kevin Debaty \u00e9tait en fin de contrat. Il vient \u00e0 son tour de parapher un contrat de deux saisons. Le duo est ainsi reconduit ! F\u00e9licitations \u00e0 Kevin, ainsi r\u00e9compens\u00e9 pour ses prestations et sa fid\u00e9lit\u00e9 envers le club.<\/p>\n","protected":false},"author":12,"featured_media":22095,"comment_status":"closed","ping_status":"closed","sticky":false,"template":"","format":"standard","meta":{"iawp_total_views":0},"categories":[24,26],"tags":[],"_links":{"self":[{"href":"https:\/\/fcliege.be\/fr\/wp-json\/wp\/v2\/posts\/22093"}],"collection":[{"href":"https:\/\/fcliege.be\/fr\/wp-json\/wp\/v2\/posts"}],"about":[{"href":"https:\/\/fcliege.be\/fr\/wp-json\/wp\/v2\/types\/post"}],"author":[{"embeddable":true,"href":"https:\/\/fcliege.be\/fr\/wp-json\/wp\/v2\/users\/12"}],"replies":[{"embeddable":true,"href":"https:\/\/fcliege.be\/fr\/wp-json\/wp\/v2\/comments?post=22093"}],"version-history":[{"count":2,"href":"https:\/\/fcliege.be\/fr\/wp-json\/wp\/v2\/posts\/22093\/revisions"}],"predecessor-version":[{"id":22096,"href":"https:\/\/fcliege.be\/fr\/wp-json\/wp\/v2\/posts\/22093\/revisions\/22096"}],"wp:featuredmedia":[{"embeddable":true,"href":"https:\/\/fcliege.be\/fr\/wp-json\/wp\/v2\/media\/22095"}],"wp:attachment":[{"href":"https:\/\/fcliege.be\/fr\/wp-json\/wp\/v2\/media?parent=22093"}],"wp:term":[{"taxonomy":"category","embeddable":true,"href":"https:\/\/fcliege.be\/fr\/wp-json\/wp\/v2\/categories?post=22093"},{"taxonomy":"post_tag","embeddable":true,"href":"https:\/\/fcliege.be\/fr\/wp-json\/wp\/v2\/tags?post=22093"}],"curies":[{"name":"wp","href":"https:\/\/api.w.org\/{rel}","templated":true}]}}