{"id":22295,"date":"2023-06-08T21:00:00","date_gmt":"2023-06-08T19:00:00","guid":{"rendered":"https:\/\/fcliege.be\/fr\/?p=22295"},"modified":"2023-06-08T20:20:41","modified_gmt":"2023-06-08T18:20:41","slug":"equipe-a-le-staff-au-complet","status":"publish","type":"post","link":"https:\/\/fcliege.be\/fr\/equipe-a-le-staff-au-complet\/","title":{"rendered":"Equipe A | Le staff au complet !"},"content":{"rendered":"\n<p><\/p>\n\n\n\n<h4 class=\"wp-block-heading\"><strong>Le staff sportif est au complet pour les deux prochaines saisons !<\/strong><\/h4>\n\n\n\n<p>En marge de la f\u00eate de cl\u00f4ture de la saison, le club est heureux d\u2019annoncer la signature des contrats pour les deux prochaines saisons de l\u2019ensemble du staff qui a men\u00e9 l\u2019\u00e9quipe \u00e0 la promotion en Challenger Pro League.<\/p>\n\n\n\n<p><strong>Ga\u00ebtan Englebert <\/strong>pourra donc \u00e0 nouveau compter sur <strong>\u00c9ric Deflandre<\/strong>, <strong>S\u00e9bastien Huyghe <\/strong>et <strong>Pierre Drouguet <\/strong>pour diriger le noyau professionnel et atteindre les objectifs sportifs du RFCL.<\/p>\n\n\n\n<p>Pierre Drouguet donnera \u00e9galement des s\u00e9ances d\u2019entrainement sp\u00e9cifique pour les jeunes gardiens du Youth Elite.<\/p>\n","protected":false},"excerpt":{"rendered":"<p>Le staff sportif est au complet pour les deux prochaines saisons ! En marge de la f\u00eate de cl\u00f4ture de la saison, le club est heureux d\u2019annoncer la signature des contrats pour les deux prochaines saisons de l\u2019ensemble du staff qui a men\u00e9 l\u2019\u00e9quipe \u00e0 la promotion en Challenger Pro League. Ga\u00ebtan Englebert pourra donc [&hellip;]<\/p>\n","protected":false},"author":12,"featured_media":22299,"comment_status":"closed","ping_status":"closed","sticky":false,"template":"","format":"standard","meta":{"iawp_total_views":22},"categories":[24,26],"tags":[],"_links":{"self":[{"href":"https:\/\/fcliege.be\/fr\/wp-json\/wp\/v2\/posts\/22295"}],"collection":[{"href":"https:\/\/fcliege.be\/fr\/wp-json\/wp\/v2\/posts"}],"about":[{"href":"https:\/\/fcliege.be\/fr\/wp-json\/wp\/v2\/types\/post"}],"author":[{"embeddable":true,"href":"https:\/\/fcliege.be\/fr\/wp-json\/wp\/v2\/users\/12"}],"replies":[{"embeddable":true,"href":"https:\/\/fcliege.be\/fr\/wp-json\/wp\/v2\/comments?post=22295"}],"version-history":[{"count":3,"href":"https:\/\/fcliege.be\/fr\/wp-json\/wp\/v2\/posts\/22295\/revisions"}],"predecessor-version":[{"id":22298,"href":"https:\/\/fcliege.be\/fr\/wp-json\/wp\/v2\/posts\/22295\/revisions\/22298"}],"wp:featuredmedia":[{"embeddable":true,"href":"https:\/\/fcliege.be\/fr\/wp-json\/wp\/v2\/media\/22299"}],"wp:attachment":[{"href":"https:\/\/fcliege.be\/fr\/wp-json\/wp\/v2\/media?parent=22295"}],"wp:term":[{"taxonomy":"category","embeddable":true,"href":"https:\/\/fcliege.be\/fr\/wp-json\/wp\/v2\/categories?post=22295"},{"taxonomy":"post_tag","embeddable":true,"href":"https:\/\/fcliege.be\/fr\/wp-json\/wp\/v2\/tags?post=22295"}],"curies":[{"name":"wp","href":"https:\/\/api.w.org\/{rel}","templated":true}]}}