{"id":22397,"date":"2023-06-17T10:17:37","date_gmt":"2023-06-17T08:17:37","guid":{"rendered":"https:\/\/fcliege.be\/fr\/?p=22397"},"modified":"2023-06-17T10:22:18","modified_gmt":"2023-06-17T08:22:18","slug":"2023-2024-reno-wilmots-au-rfcl","status":"publish","type":"post","link":"https:\/\/fcliege.be\/fr\/2023-2024-reno-wilmots-au-rfcl\/","title":{"rendered":"2023-2024 | Reno Wilmots au RFCL"},"content":{"rendered":"\n<p><\/p>\n\n\n\n<h4 class=\"wp-block-heading\"><strong>Form\u00e9 pour l\u2019essentiel au Standard et au STVV, apr\u00e8s deux saisons en Nationale sous les couleurs de Vis\u00e9, Reno Wilmots rejoint les Sang &amp; Marine.<\/strong><\/h4>\n\n\n\n<p>Il a sign\u00e9 ce matin un contrat portant sur les deux prochaines saisons et est donc dans les temps pour entamer la pr\u00e9paration de la saison d\u00e8s ce lundi sous les ordres de <strong>Ga\u00ebtan Englebert<\/strong>.<\/p>\n\n\n\n<p><em>\u00ab\u00a0Je suis fier et heureux de rejoindre ce club embl\u00e9matique et de retrouver la division 1B o\u00f9 j\u2019avais d\u00e9j\u00e0 \u00e9volu\u00e9 avec le club de Roulers. Heureux aussi de retrouver des joueurs que je connais bien. Il est clair qu\u2019avec cette \u00e9quipe on est en mesure de faire une belle saison !\u00a0\u00bb<\/em> se r\u00e9jouit notre nouvelle recrue.<\/p>\n\n\n\n<p><em>\u00ab\u00a0Reno peut \u00e9voluer aussi bien comme d\u00e9fenseur central ou milieu d\u00e9fensif. Eric et moi l\u2019avons suivi et c\u2019est clairement un renfort pour l\u2019\u00e9quipe\u00a0\u00bb<\/em>, souligne Ga\u00ebtan Englebert.<\/p>\n\n\n\n<p><em>\u00ab\u00a0Le groupe est a priori au complet et le mercato du RFCL est ainsi virtuellement boucl\u00e9 apr\u00e8s tous les renouvellements et les 4 arriv\u00e9es\u00a0\u00bb<\/em>, conclut <strong>Pierre Fran\u00e7ois<\/strong>.<\/p>\n","protected":false},"excerpt":{"rendered":"<p>Form\u00e9 pour l\u2019essentiel au Standard et au STVV, apr\u00e8s deux saisons en Nationale sous les couleurs de Vis\u00e9, Reno Wilmots rejoint les Sang &amp; Marine. Il a sign\u00e9 ce matin un contrat portant sur les deux prochaines saisons et est donc dans les temps pour entamer la pr\u00e9paration de la saison d\u00e8s ce lundi sous [&hellip;]<\/p>\n","protected":false},"author":12,"featured_media":22399,"comment_status":"closed","ping_status":"closed","sticky":false,"template":"","format":"standard","meta":{"iawp_total_views":1},"categories":[24,26],"tags":[],"_links":{"self":[{"href":"https:\/\/fcliege.be\/fr\/wp-json\/wp\/v2\/posts\/22397"}],"collection":[{"href":"https:\/\/fcliege.be\/fr\/wp-json\/wp\/v2\/posts"}],"about":[{"href":"https:\/\/fcliege.be\/fr\/wp-json\/wp\/v2\/types\/post"}],"author":[{"embeddable":true,"href":"https:\/\/fcliege.be\/fr\/wp-json\/wp\/v2\/users\/12"}],"replies":[{"embeddable":true,"href":"https:\/\/fcliege.be\/fr\/wp-json\/wp\/v2\/comments?post=22397"}],"version-history":[{"count":2,"href":"https:\/\/fcliege.be\/fr\/wp-json\/wp\/v2\/posts\/22397\/revisions"}],"predecessor-version":[{"id":22400,"href":"https:\/\/fcliege.be\/fr\/wp-json\/wp\/v2\/posts\/22397\/revisions\/22400"}],"wp:featuredmedia":[{"embeddable":true,"href":"https:\/\/fcliege.be\/fr\/wp-json\/wp\/v2\/media\/22399"}],"wp:attachment":[{"href":"https:\/\/fcliege.be\/fr\/wp-json\/wp\/v2\/media?parent=22397"}],"wp:term":[{"taxonomy":"category","embeddable":true,"href":"https:\/\/fcliege.be\/fr\/wp-json\/wp\/v2\/categories?post=22397"},{"taxonomy":"post_tag","embeddable":true,"href":"https:\/\/fcliege.be\/fr\/wp-json\/wp\/v2\/tags?post=22397"}],"curies":[{"name":"wp","href":"https:\/\/api.w.org\/{rel}","templated":true}]}}