{"id":22439,"date":"2023-06-20T14:50:35","date_gmt":"2023-06-20T12:50:35","guid":{"rendered":"https:\/\/fcliege.be\/fr\/?p=22439"},"modified":"2023-06-20T15:07:48","modified_gmt":"2023-06-20T13:07:48","slug":"droits-tv-recours-du-rfcl","status":"publish","type":"post","link":"https:\/\/fcliege.be\/fr\/droits-tv-recours-du-rfcl\/","title":{"rendered":"Droits TV | Recours du RFCL"},"content":{"rendered":"\n<p><\/p>\n\n\n\n<h4 class=\"wp-block-heading\"><strong>Droits TV : le RFCL va introduire un recours contre la d\u00e9cision de la Pro League.<\/strong><\/h4>\n\n\n\n<p>L\u2019assembl\u00e9e g\u00e9n\u00e9rale de la Pro League a ent\u00e9rin\u00e9 ce mardi matin la cl\u00e9 de r\u00e9partition des droits TV en Challenger Pro League. Elle a pour ce faire rejet\u00e9 la demande commune des trois clubs promus (Patro, RFCL et Francs Borains) de reporter cette d\u00e9cision \u00e0 une assembl\u00e9e g\u00e9n\u00e9rale \u00e0 laquelle ils auraient \u00e9t\u00e9 convoqu\u00e9s.<\/p>\n\n\n\n<p>Elle a ensuite retenu une r\u00e9partition qui est con\u00e7ue pour favoriser les clubs pr\u00e9sents depuis plusieurs saisons en Pro League au d\u00e9triment d\u2019une r\u00e9partition \u00e9quitable entre l\u2019ensemble des clubs de 1B.<\/p>\n\n\n\n<p><a rel=\"noreferrer noopener\" href=\"https:\/\/fcliege.be\/fr\/wp-content\/uploads\/2023\/06\/notedroitstv.pdf\" target=\"_blank\"><strong>&gt; Vous trouverez ICI la note que notre directeur g\u00e9n\u00e9ral avait adress\u00e9e au CEO de la Pro League et aux dirigeants des clubs professionnels.<\/strong><\/a><\/p>\n\n\n\n<p>Un recours aupr\u00e8s de l\u2019Autorit\u00e9 en charge des R\u00e8gles en mati\u00e8re de Concurrence sera introduit pour contester cette d\u00e9cision.<\/p>\n","protected":false},"excerpt":{"rendered":"<p>Droits TV : le RFCL va introduire un recours contre la d\u00e9cision de la Pro League. L\u2019assembl\u00e9e g\u00e9n\u00e9rale de la Pro League a ent\u00e9rin\u00e9 ce mardi matin la cl\u00e9 de r\u00e9partition des droits TV en Challenger Pro League. Elle a pour ce faire rejet\u00e9 la demande commune des trois clubs promus (Patro, RFCL et Francs [&hellip;]<\/p>\n","protected":false},"author":12,"featured_media":0,"comment_status":"closed","ping_status":"closed","sticky":false,"template":"","format":"standard","meta":{"iawp_total_views":0},"categories":[1,24],"tags":[],"_links":{"self":[{"href":"https:\/\/fcliege.be\/fr\/wp-json\/wp\/v2\/posts\/22439"}],"collection":[{"href":"https:\/\/fcliege.be\/fr\/wp-json\/wp\/v2\/posts"}],"about":[{"href":"https:\/\/fcliege.be\/fr\/wp-json\/wp\/v2\/types\/post"}],"author":[{"embeddable":true,"href":"https:\/\/fcliege.be\/fr\/wp-json\/wp\/v2\/users\/12"}],"replies":[{"embeddable":true,"href":"https:\/\/fcliege.be\/fr\/wp-json\/wp\/v2\/comments?post=22439"}],"version-history":[{"count":5,"href":"https:\/\/fcliege.be\/fr\/wp-json\/wp\/v2\/posts\/22439\/revisions"}],"predecessor-version":[{"id":22446,"href":"https:\/\/fcliege.be\/fr\/wp-json\/wp\/v2\/posts\/22439\/revisions\/22446"}],"wp:attachment":[{"href":"https:\/\/fcliege.be\/fr\/wp-json\/wp\/v2\/media?parent=22439"}],"wp:term":[{"taxonomy":"category","embeddable":true,"href":"https:\/\/fcliege.be\/fr\/wp-json\/wp\/v2\/categories?post=22439"},{"taxonomy":"post_tag","embeddable":true,"href":"https:\/\/fcliege.be\/fr\/wp-json\/wp\/v2\/tags?post=22439"}],"curies":[{"name":"wp","href":"https:\/\/api.w.org\/{rel}","templated":true}]}}