{"id":22469,"date":"2023-06-26T19:09:51","date_gmt":"2023-06-26T17:09:51","guid":{"rendered":"https:\/\/fcliege.be\/fr\/?p=22469"},"modified":"2023-06-28T18:45:51","modified_gmt":"2023-06-28T16:45:51","slug":"2023-2024-le-calendrier-des-u21","status":"publish","type":"post","link":"https:\/\/fcliege.be\/fr\/2023-2024-le-calendrier-des-u21\/","title":{"rendered":"2023-2024 | Calendrier des U21 (update)"},"content":{"rendered":"\n<p><\/p>\n\n\n\n<h4 class=\"wp-block-heading\"><strong>Le calendrier des U21 \u00e9lite est connu ! Les <strong>prot\u00e9g\u00e9s de Fabrice Cristallini <\/strong>entameront la saison \u00e0 domicile contre Dender, le 1er septembre.<\/strong><\/h4>\n\n\n\n<p><strong><a href=\"https:\/\/fcliege.be\/fr\/calendrier-u21\/\">&gt; ACC\u00c9DEZ AU CALENDRIER COMPLET<\/a><\/strong><\/p>\n","protected":false},"excerpt":{"rendered":"<p>Le calendrier des U21 \u00e9lite est connu ! Les prot\u00e9g\u00e9s de Fabrice Cristallini entameront la saison \u00e0 domicile contre Dender, le 1er septembre. &gt; ACC\u00c9DEZ AU CALENDRIER COMPLET<\/p>\n","protected":false},"author":12,"featured_media":22476,"comment_status":"closed","ping_status":"closed","sticky":false,"template":"","format":"standard","meta":{"iawp_total_views":3},"categories":[23,26],"tags":[],"_links":{"self":[{"href":"https:\/\/fcliege.be\/fr\/wp-json\/wp\/v2\/posts\/22469"}],"collection":[{"href":"https:\/\/fcliege.be\/fr\/wp-json\/wp\/v2\/posts"}],"about":[{"href":"https:\/\/fcliege.be\/fr\/wp-json\/wp\/v2\/types\/post"}],"author":[{"embeddable":true,"href":"https:\/\/fcliege.be\/fr\/wp-json\/wp\/v2\/users\/12"}],"replies":[{"embeddable":true,"href":"https:\/\/fcliege.be\/fr\/wp-json\/wp\/v2\/comments?post=22469"}],"version-history":[{"count":5,"href":"https:\/\/fcliege.be\/fr\/wp-json\/wp\/v2\/posts\/22469\/revisions"}],"predecessor-version":[{"id":22542,"href":"https:\/\/fcliege.be\/fr\/wp-json\/wp\/v2\/posts\/22469\/revisions\/22542"}],"wp:featuredmedia":[{"embeddable":true,"href":"https:\/\/fcliege.be\/fr\/wp-json\/wp\/v2\/media\/22476"}],"wp:attachment":[{"href":"https:\/\/fcliege.be\/fr\/wp-json\/wp\/v2\/media?parent=22469"}],"wp:term":[{"taxonomy":"category","embeddable":true,"href":"https:\/\/fcliege.be\/fr\/wp-json\/wp\/v2\/categories?post=22469"},{"taxonomy":"post_tag","embeddable":true,"href":"https:\/\/fcliege.be\/fr\/wp-json\/wp\/v2\/tags?post=22469"}],"curies":[{"name":"wp","href":"https:\/\/api.w.org\/{rel}","templated":true}]}}