{"id":22525,"date":"2023-07-27T18:00:00","date_gmt":"2023-07-27T16:00:00","guid":{"rendered":"https:\/\/fcliege.be\/fr\/?p=22525"},"modified":"2023-07-27T10:01:11","modified_gmt":"2023-07-27T08:01:11","slug":"fan-day-reservez-vos-repas-06-08","status":"publish","type":"post","link":"https:\/\/fcliege.be\/fr\/fan-day-reservez-vos-repas-06-08\/","title":{"rendered":"Fan day | Plaisirs gustatifs au programme"},"content":{"rendered":"\n<p><\/p>\n\n\n\n<h4 class=\"wp-block-heading\"><strong>Le RFCL vous proposera un double repas lors du fan day, le midi et le soir.<\/strong><\/h4>\n\n\n\n<p>Les repas seront servis \u00e0 l&rsquo;Espace Waseige. \u00c0 partir de 12h30 le midi et \u00e0 partir de 19h30 le soir. Au menu : assiette froide + frites + une boisson au prix de 15 \u20ac. Paiement sur place (liquide ou bancontact).<\/p>\n\n\n\n<p><strong>R\u00e9servation obligatoire avant le 3 ao\u00fbt<\/strong>. Par mail : <a href=\"mailto:communication@fcliege.be\">communication@fcliege.be<\/a>.<\/p>\n\n\n\n<p>En outre, des stands seront install\u00e9s pr\u00e8s du chapiteau avec : des <strong>glaces <\/strong>(Limont Blanc), des <strong>pains saucisses<\/strong> et des <strong>chiques et nachos<\/strong> (Gourmandises de Lil\u00e9).<\/p>\n\n\n\n<p><strong><a href=\"https:\/\/fcliege.be\/fr\/fan-day-programme-du-6-aout\/\">&gt; PROGRAMME COMPLET DU FAN DAY<\/a><\/strong><\/p>\n","protected":false},"excerpt":{"rendered":"<p>Le RFCL vous proposera un double repas lors du fan day, le midi et le soir. Les repas seront servis \u00e0 l&rsquo;Espace Waseige. \u00c0 partir de 12h30 le midi et \u00e0 partir de 19h30 le soir. Au menu : assiette froide + frites + une boisson au prix de 15 \u20ac. Paiement sur place (liquide [&hellip;]<\/p>\n","protected":false},"author":12,"featured_media":22783,"comment_status":"closed","ping_status":"closed","sticky":false,"template":"","format":"standard","meta":{"iawp_total_views":0},"categories":[25,24,28],"tags":[],"_links":{"self":[{"href":"https:\/\/fcliege.be\/fr\/wp-json\/wp\/v2\/posts\/22525"}],"collection":[{"href":"https:\/\/fcliege.be\/fr\/wp-json\/wp\/v2\/posts"}],"about":[{"href":"https:\/\/fcliege.be\/fr\/wp-json\/wp\/v2\/types\/post"}],"author":[{"embeddable":true,"href":"https:\/\/fcliege.be\/fr\/wp-json\/wp\/v2\/users\/12"}],"replies":[{"embeddable":true,"href":"https:\/\/fcliege.be\/fr\/wp-json\/wp\/v2\/comments?post=22525"}],"version-history":[{"count":10,"href":"https:\/\/fcliege.be\/fr\/wp-json\/wp\/v2\/posts\/22525\/revisions"}],"predecessor-version":[{"id":22782,"href":"https:\/\/fcliege.be\/fr\/wp-json\/wp\/v2\/posts\/22525\/revisions\/22782"}],"wp:featuredmedia":[{"embeddable":true,"href":"https:\/\/fcliege.be\/fr\/wp-json\/wp\/v2\/media\/22783"}],"wp:attachment":[{"href":"https:\/\/fcliege.be\/fr\/wp-json\/wp\/v2\/media?parent=22525"}],"wp:term":[{"taxonomy":"category","embeddable":true,"href":"https:\/\/fcliege.be\/fr\/wp-json\/wp\/v2\/categories?post=22525"},{"taxonomy":"post_tag","embeddable":true,"href":"https:\/\/fcliege.be\/fr\/wp-json\/wp\/v2\/tags?post=22525"}],"curies":[{"name":"wp","href":"https:\/\/api.w.org\/{rel}","templated":true}]}}