{"id":22816,"date":"2023-07-26T14:00:00","date_gmt":"2023-07-26T12:00:00","guid":{"rendered":"https:\/\/fcliege.be\/fr\/?p=22816"},"modified":"2023-07-28T18:51:36","modified_gmt":"2023-07-28T16:51:36","slug":"obligations-droits-tv-pro-league","status":"publish","type":"post","link":"https:\/\/fcliege.be\/fr\/obligations-droits-tv-pro-league\/","title":{"rendered":"Obligations droits TV \u2013 Pro League"},"content":{"rendered":"\n<p><\/p>\n\n\n\n<p>Le club souhaite pr\u00e9ciser que, dans le cadre de notre retour en Pro \u2013 \u00e9tape historique pour le RFC Li\u00e8ge \u2013 les droits t\u00e9l\u00e9visuels des rencontres en Challenger Pro League appartiennent \u00e0 <strong>Eleven<\/strong>, ce qui repr\u00e9sente une rentr\u00e9e financi\u00e8re non n\u00e9gligeable pour le club. Cela permettra en outre une couverture compl\u00e8te et professionnelle des matchs pour tous les passionn\u00e9s de football.<\/p>\n\n\n\n<p>Dans ce contexte, nous vous prions de respecter les droits de diffusion en \u00e9vitant de filmer les matchs en direct et de publier des r\u00e9sum\u00e9s sur les r\u00e9seaux sociaux. Cette interdiction reproduite \u00e0 notre R\u00e8glement d\u2019ordre int\u00e9rieur vise \u00e0 respecter les obligations qui incombent d\u00e9sormais \u00e0 notre club et \u00e0 ses supporters.<\/p>\n\n\n\n<p>Merci de votre compr\u00e9hension et \u00e0 bient\u00f4t au bord des terrains !<\/p>\n","protected":false},"excerpt":{"rendered":"<p>Le club souhaite pr\u00e9ciser que, dans le cadre de notre retour en Pro \u2013 \u00e9tape historique pour le RFC Li\u00e8ge \u2013 les droits t\u00e9l\u00e9visuels des rencontres en Challenger Pro League appartiennent \u00e0 Eleven, ce qui repr\u00e9sente une rentr\u00e9e financi\u00e8re non n\u00e9gligeable pour le club. Cela permettra en outre une couverture compl\u00e8te et professionnelle des matchs [&hellip;]<\/p>\n","protected":false},"author":12,"featured_media":0,"comment_status":"closed","ping_status":"closed","sticky":false,"template":"","format":"standard","meta":{"iawp_total_views":0},"categories":[1],"tags":[],"_links":{"self":[{"href":"https:\/\/fcliege.be\/fr\/wp-json\/wp\/v2\/posts\/22816"}],"collection":[{"href":"https:\/\/fcliege.be\/fr\/wp-json\/wp\/v2\/posts"}],"about":[{"href":"https:\/\/fcliege.be\/fr\/wp-json\/wp\/v2\/types\/post"}],"author":[{"embeddable":true,"href":"https:\/\/fcliege.be\/fr\/wp-json\/wp\/v2\/users\/12"}],"replies":[{"embeddable":true,"href":"https:\/\/fcliege.be\/fr\/wp-json\/wp\/v2\/comments?post=22816"}],"version-history":[{"count":3,"href":"https:\/\/fcliege.be\/fr\/wp-json\/wp\/v2\/posts\/22816\/revisions"}],"predecessor-version":[{"id":22820,"href":"https:\/\/fcliege.be\/fr\/wp-json\/wp\/v2\/posts\/22816\/revisions\/22820"}],"wp:attachment":[{"href":"https:\/\/fcliege.be\/fr\/wp-json\/wp\/v2\/media?parent=22816"}],"wp:term":[{"taxonomy":"category","embeddable":true,"href":"https:\/\/fcliege.be\/fr\/wp-json\/wp\/v2\/categories?post=22816"},{"taxonomy":"post_tag","embeddable":true,"href":"https:\/\/fcliege.be\/fr\/wp-json\/wp\/v2\/tags?post=22816"}],"curies":[{"name":"wp","href":"https:\/\/api.w.org\/{rel}","templated":true}]}}