{"id":22838,"date":"2023-07-29T09:00:00","date_gmt":"2023-07-29T07:00:00","guid":{"rendered":"https:\/\/fcliege.be\/fr\/?p=22838"},"modified":"2023-07-29T23:35:48","modified_gmt":"2023-07-29T21:35:48","slug":"nouvelles-tenues-de-sortie-officielles","status":"publish","type":"post","link":"https:\/\/fcliege.be\/fr\/nouvelles-tenues-de-sortie-officielles\/","title":{"rendered":"Nouvelles tenues de sortie officielles !"},"content":{"rendered":"\n<p><\/p>\n\n\n\n<h4 class=\"wp-block-heading\"><strong>Nouvelles tenues de sortie officielles pour le RFC Li\u00e8ge !<\/strong><\/h4>\n\n\n\n<p>Nos joueurs et membres du staff seront d\u00e9sormais habill\u00e9s avec style, gr\u00e2ce \u00e0 nos deux partenaires du club, le magasin<strong> \u00ab\u00a0Antoine Active\u00a0\u00bb<\/strong> et les <strong>\u00ab\u00a0\u00c9tablissements Jamoulle Diesel\u00a0\u00bb<\/strong> !<\/p>\n\n\n\n<p>Antoine Active devient le tailleur officiel du RFC Li\u00e8ge. Leur engagement envers notre club et leur passion pour l&rsquo;excellence se refl\u00e8tent dans les tenues de sortie de haute qualit\u00e9 qu&rsquo;ils ont con\u00e7ues pour nous.<\/p>\n\n\n\n<p>Merci \u00e0 nos deux partenaires pour ce magnifique cadeau aux joueurs et aux membres du staff.<\/p>\n\n\n\n<p>Cette tenue officielle renforcera l&rsquo;esprit d&rsquo;\u00e9quipe et symbolisera l\u2019image d&rsquo;un club soucieux de progresser non seulement sur mais aussi en dehors des terrains !<\/p>\n\n\n\n<p><\/p>\n\n\n\n<figure class=\"wp-block-image size-large\"><img decoding=\"async\" loading=\"lazy\" width=\"1024\" height=\"777\" src=\"https:\/\/fcliege.be\/fr\/wp-content\/uploads\/2023\/07\/antoine3-1024x777.jpeg\" alt=\"\" class=\"wp-image-22859\" srcset=\"https:\/\/fcliege.be\/fr\/wp-content\/uploads\/2023\/07\/antoine3-1024x777.jpeg 1024w, https:\/\/fcliege.be\/fr\/wp-content\/uploads\/2023\/07\/antoine3-300x228.jpeg 300w, https:\/\/fcliege.be\/fr\/wp-content\/uploads\/2023\/07\/antoine3-768x583.jpeg 768w, https:\/\/fcliege.be\/fr\/wp-content\/uploads\/2023\/07\/antoine3.jpeg 2048w\" sizes=\"(max-width: 1024px) 100vw, 1024px\" \/><\/figure>\n","protected":false},"excerpt":{"rendered":"<p>Nouvelles tenues de sortie officielles pour le RFC Li\u00e8ge ! Nos joueurs et membres du staff seront d\u00e9sormais habill\u00e9s avec style, gr\u00e2ce \u00e0 nos deux partenaires du club, le magasin \u00ab\u00a0Antoine Active\u00a0\u00bb et les \u00ab\u00a0\u00c9tablissements Jamoulle Diesel\u00a0\u00bb ! Antoine Active devient le tailleur officiel du RFC Li\u00e8ge. Leur engagement envers notre club et leur passion [&hellip;]<\/p>\n","protected":false},"author":12,"featured_media":22843,"comment_status":"closed","ping_status":"closed","sticky":false,"template":"","format":"standard","meta":{"iawp_total_views":1},"categories":[1,24],"tags":[],"_links":{"self":[{"href":"https:\/\/fcliege.be\/fr\/wp-json\/wp\/v2\/posts\/22838"}],"collection":[{"href":"https:\/\/fcliege.be\/fr\/wp-json\/wp\/v2\/posts"}],"about":[{"href":"https:\/\/fcliege.be\/fr\/wp-json\/wp\/v2\/types\/post"}],"author":[{"embeddable":true,"href":"https:\/\/fcliege.be\/fr\/wp-json\/wp\/v2\/users\/12"}],"replies":[{"embeddable":true,"href":"https:\/\/fcliege.be\/fr\/wp-json\/wp\/v2\/comments?post=22838"}],"version-history":[{"count":7,"href":"https:\/\/fcliege.be\/fr\/wp-json\/wp\/v2\/posts\/22838\/revisions"}],"predecessor-version":[{"id":22860,"href":"https:\/\/fcliege.be\/fr\/wp-json\/wp\/v2\/posts\/22838\/revisions\/22860"}],"wp:featuredmedia":[{"embeddable":true,"href":"https:\/\/fcliege.be\/fr\/wp-json\/wp\/v2\/media\/22843"}],"wp:attachment":[{"href":"https:\/\/fcliege.be\/fr\/wp-json\/wp\/v2\/media?parent=22838"}],"wp:term":[{"taxonomy":"category","embeddable":true,"href":"https:\/\/fcliege.be\/fr\/wp-json\/wp\/v2\/categories?post=22838"},{"taxonomy":"post_tag","embeddable":true,"href":"https:\/\/fcliege.be\/fr\/wp-json\/wp\/v2\/tags?post=22838"}],"curies":[{"name":"wp","href":"https:\/\/api.w.org\/{rel}","templated":true}]}}