{"id":23023,"date":"2023-08-09T13:00:00","date_gmt":"2023-08-09T11:00:00","guid":{"rendered":"https:\/\/fcliege.be\/fr\/?p=23023"},"modified":"2023-08-07T23:23:07","modified_gmt":"2023-08-07T21:23:07","slug":"merci-a-nos-4-centenaires","status":"publish","type":"post","link":"https:\/\/fcliege.be\/fr\/merci-a-nos-4-centenaires\/","title":{"rendered":"Merci \u00e0 nos 4 centenaires !"},"content":{"rendered":"\n<p><\/p>\n\n\n\n<h4 class=\"wp-block-heading\"><strong>Avant le coup d&rsquo;envoi de notre 1er match de championnat ce samedi 12 ao\u00fbt contre Dender, le club mettra \u00e0 l\u2019honneur 4 de ses joueurs !<\/strong><\/h4>\n\n\n\n<p>Ils comptent chacun plus de<strong> 100 titularisations<\/strong> sous nos couleurs :<\/p>\n\n\n\n<p><strong>Jonathan D&rsquo;Ostilio<\/strong> : 211 titularisations<br><strong>Benjamin Van Den Ackerveken<\/strong> : 114 titularisations<br><strong>Jordan Bustin<\/strong> : 100 titularisations<br><strong>Damien Mouchamps<\/strong> : 126 titularisations<\/p>\n\n\n\n<p>Le club leur remettra un troph\u00e9e pour marquer l\u2019\u00e9v\u00e9nement et les f\u00e9liciter pour leur fid\u00e9lit\u00e9 envers notre \u00e9quipe.<\/p>\n","protected":false},"excerpt":{"rendered":"<p>Avant le coup d&rsquo;envoi de notre 1er match de championnat ce samedi 12 ao\u00fbt contre Dender, le club mettra \u00e0 l\u2019honneur 4 de ses joueurs ! Ils comptent chacun plus de 100 titularisations sous nos couleurs : Jonathan D&rsquo;Ostilio : 211 titularisationsBenjamin Van Den Ackerveken : 114 titularisationsJordan Bustin : 100 titularisationsDamien Mouchamps : 126 [&hellip;]<\/p>\n","protected":false},"author":12,"featured_media":23029,"comment_status":"closed","ping_status":"closed","sticky":false,"template":"","format":"standard","meta":{"iawp_total_views":2},"categories":[1,24],"tags":[],"_links":{"self":[{"href":"https:\/\/fcliege.be\/fr\/wp-json\/wp\/v2\/posts\/23023"}],"collection":[{"href":"https:\/\/fcliege.be\/fr\/wp-json\/wp\/v2\/posts"}],"about":[{"href":"https:\/\/fcliege.be\/fr\/wp-json\/wp\/v2\/types\/post"}],"author":[{"embeddable":true,"href":"https:\/\/fcliege.be\/fr\/wp-json\/wp\/v2\/users\/12"}],"replies":[{"embeddable":true,"href":"https:\/\/fcliege.be\/fr\/wp-json\/wp\/v2\/comments?post=23023"}],"version-history":[{"count":4,"href":"https:\/\/fcliege.be\/fr\/wp-json\/wp\/v2\/posts\/23023\/revisions"}],"predecessor-version":[{"id":23027,"href":"https:\/\/fcliege.be\/fr\/wp-json\/wp\/v2\/posts\/23023\/revisions\/23027"}],"wp:featuredmedia":[{"embeddable":true,"href":"https:\/\/fcliege.be\/fr\/wp-json\/wp\/v2\/media\/23029"}],"wp:attachment":[{"href":"https:\/\/fcliege.be\/fr\/wp-json\/wp\/v2\/media?parent=23023"}],"wp:term":[{"taxonomy":"category","embeddable":true,"href":"https:\/\/fcliege.be\/fr\/wp-json\/wp\/v2\/categories?post=23023"},{"taxonomy":"post_tag","embeddable":true,"href":"https:\/\/fcliege.be\/fr\/wp-json\/wp\/v2\/tags?post=23023"}],"curies":[{"name":"wp","href":"https:\/\/api.w.org\/{rel}","templated":true}]}}