{"id":23709,"date":"2023-10-23T08:00:00","date_gmt":"2023-10-23T06:00:00","guid":{"rendered":"https:\/\/fcliege.be\/fr\/?p=23709"},"modified":"2023-10-24T10:40:23","modified_gmt":"2023-10-24T08:40:23","slug":"rfcl-rsca-soiree-speciale-halloween","status":"publish","type":"post","link":"https:\/\/fcliege.be\/fr\/rfcl-rsca-soiree-speciale-halloween\/","title":{"rendered":"RFCL-RSCA | Soir\u00e9e sp\u00e9ciale Halloween !"},"content":{"rendered":"\n<p><\/p>\n\n\n\n<h4 class=\"wp-block-heading\"><strong>Le RFCL f\u00eatera Halloween le 29 octobre, pour le plus grand plaisir des enfants !<\/strong><\/h4>\n\n\n\n<p>Pr\u00e9parez-vous pour une soir\u00e9e d&rsquo;Halloween incroyablement amusante au stade !<\/p>\n\n\n\n<p>Ce que vous pouvez attendre de cette soir\u00e9e envo\u00fbtante avant RFCL-Anderlecht U23 :<\/p>\n\n\n\n<p>&#8211;<strong> Grimage gratuit <\/strong>: \u00e0 partir de 17h45, des maquilleurs professionnels seront l\u00e0 pour transformer vos enfants en cr\u00e9atures effrayantes, h\u00e9ros l\u00e9gendaires ou tout ce qu&rsquo;ils imaginent !<\/p>\n\n\n\n<p>&#8211; <strong>Parade des enfants d\u00e9guis\u00e9s et maquill\u00e9s<\/strong> : juste avant le coup d&rsquo;envoi, les enfants auront la chance de d\u00e9filer sur le terrain, montrant ainsi leurs costumes incroyables \u00e0 tout le stade !<\/p>\n\n\n\n<p>Rendez-vous pour la parade \u00e0 18h50 devant le chapiteau des supporters pour tous les enfants d\u00e9guis\u00e9s et maquill\u00e9s. Cette activit\u00e9 est con\u00e7ue pour toute la famille, et pour rappel, l&rsquo;entr\u00e9e est gratuite pour les enfants de moins de 12 ans et 5 \u20ac pour les enfants \u00e2g\u00e9s entre 12 et 16 ans.<\/p>\n\n\n\n<p>Rendez-vous au stade et pr\u00e9parez-vous pour une soir\u00e9e effrayante au RFC Li\u00e8ge !<\/p>\n\n\n\n<figure class=\"wp-block-image size-full\"><a href=\"https:\/\/ticketing.fcliege.be\" target=\"_blank\" rel=\"noreferrer noopener\"><img decoding=\"async\" loading=\"lazy\" width=\"1000\" height=\"263\" src=\"https:\/\/fcliege.be\/fr\/wp-content\/uploads\/2023\/06\/eticket.jpg\" alt=\"\" class=\"wp-image-22450\" srcset=\"https:\/\/fcliege.be\/fr\/wp-content\/uploads\/2023\/06\/eticket.jpg 1000w, https:\/\/fcliege.be\/fr\/wp-content\/uploads\/2023\/06\/eticket-300x79.jpg 300w, https:\/\/fcliege.be\/fr\/wp-content\/uploads\/2023\/06\/eticket-768x202.jpg 768w\" sizes=\"(max-width: 1000px) 100vw, 1000px\" \/><\/a><\/figure>\n","protected":false},"excerpt":{"rendered":"<p>Le RFCL f\u00eatera Halloween le 29 octobre, pour le plus grand plaisir des enfants ! Pr\u00e9parez-vous pour une soir\u00e9e d&rsquo;Halloween incroyablement amusante au stade ! Ce que vous pouvez attendre de cette soir\u00e9e envo\u00fbtante avant RFCL-Anderlecht U23 : &#8211; Grimage gratuit : \u00e0 partir de 17h45, des maquilleurs professionnels seront l\u00e0 pour transformer vos enfants [&hellip;]<\/p>\n","protected":false},"author":12,"featured_media":23813,"comment_status":"closed","ping_status":"closed","sticky":false,"template":"","format":"standard","meta":{"iawp_total_views":0},"categories":[30,25,24,28],"tags":[],"_links":{"self":[{"href":"https:\/\/fcliege.be\/fr\/wp-json\/wp\/v2\/posts\/23709"}],"collection":[{"href":"https:\/\/fcliege.be\/fr\/wp-json\/wp\/v2\/posts"}],"about":[{"href":"https:\/\/fcliege.be\/fr\/wp-json\/wp\/v2\/types\/post"}],"author":[{"embeddable":true,"href":"https:\/\/fcliege.be\/fr\/wp-json\/wp\/v2\/users\/12"}],"replies":[{"embeddable":true,"href":"https:\/\/fcliege.be\/fr\/wp-json\/wp\/v2\/comments?post=23709"}],"version-history":[{"count":6,"href":"https:\/\/fcliege.be\/fr\/wp-json\/wp\/v2\/posts\/23709\/revisions"}],"predecessor-version":[{"id":23877,"href":"https:\/\/fcliege.be\/fr\/wp-json\/wp\/v2\/posts\/23709\/revisions\/23877"}],"wp:featuredmedia":[{"embeddable":true,"href":"https:\/\/fcliege.be\/fr\/wp-json\/wp\/v2\/media\/23813"}],"wp:attachment":[{"href":"https:\/\/fcliege.be\/fr\/wp-json\/wp\/v2\/media?parent=23709"}],"wp:term":[{"taxonomy":"category","embeddable":true,"href":"https:\/\/fcliege.be\/fr\/wp-json\/wp\/v2\/categories?post=23709"},{"taxonomy":"post_tag","embeddable":true,"href":"https:\/\/fcliege.be\/fr\/wp-json\/wp\/v2\/tags?post=23709"}],"curies":[{"name":"wp","href":"https:\/\/api.w.org\/{rel}","templated":true}]}}