{"id":23835,"date":"2023-10-20T18:50:54","date_gmt":"2023-10-20T16:50:54","guid":{"rendered":"https:\/\/fcliege.be\/fr\/?p=23835"},"modified":"2023-10-20T18:54:26","modified_gmt":"2023-10-20T16:54:26","slug":"soiree-reussie-au-bc1892-avec-elio-di-rupo","status":"publish","type":"post","link":"https:\/\/fcliege.be\/fr\/soiree-reussie-au-bc1892-avec-elio-di-rupo\/","title":{"rendered":"Soir\u00e9e r\u00e9ussie au BC1892 avec Elio Di Rupo"},"content":{"rendered":"\n<p><\/p>\n\n\n\n<h4 class=\"wp-block-heading\"><strong>Elio Di Rupo \u00e9tait l\u2019invit\u00e9 du Business Club 1892 de mardi dernier.<\/strong><\/h4>\n\n\n\n<p>Une soir\u00e9e assur\u00e9ment tr\u00e8s r\u00e9ussie pour la centaine de participants.<\/p>\n\n\n\n<p>Le Pr\u00e9sident du Gouvernement wallon a expos\u00e9 les d\u00e9fis que posent les transitions sociale, \u00e9conomique et environnementale pour notre R\u00e9gion.<\/p>\n\n\n\n<p><strong><a href=\"https:\/\/fcliege.be\/fr\/wp-content\/uploads\/2023\/10\/PresentationRFCL.pdf\" target=\"_blank\" rel=\"noreferrer noopener\">> D\u00e9couvrez la pr\u00e9sentation r\u00e9alis\u00e9e \u00e0 l&rsquo;occasion de cette soir\u00e9e<\/a><\/strong><\/p>\n\n\n\n<figure class=\"wp-block-gallery has-nested-images columns-default is-cropped wp-block-gallery-1 is-layout-flex\">\n<figure class=\"wp-block-image size-large\"><img decoding=\"async\" loading=\"lazy\" width=\"1024\" height=\"683\" data-id=\"23843\"  src=\"https:\/\/fcliege.be\/fr\/wp-content\/uploads\/2023\/10\/IMG_7797-1024x683.jpg\" alt=\"\" class=\"wp-image-23843\" srcset=\"https:\/\/fcliege.be\/fr\/wp-content\/uploads\/2023\/10\/IMG_7797-1024x683.jpg 1024w, https:\/\/fcliege.be\/fr\/wp-content\/uploads\/2023\/10\/IMG_7797-300x200.jpg 300w, https:\/\/fcliege.be\/fr\/wp-content\/uploads\/2023\/10\/IMG_7797-768x512.jpg 768w\" sizes=\"(max-width: 1024px) 100vw, 1024px\" \/><\/figure>\n\n\n\n<figure class=\"wp-block-image size-large\"><img decoding=\"async\" loading=\"lazy\" width=\"1024\" height=\"683\" data-id=\"23842\"  src=\"https:\/\/fcliege.be\/fr\/wp-content\/uploads\/2023\/10\/IMG_7833-1024x683.jpg\" alt=\"\" class=\"wp-image-23842\" srcset=\"https:\/\/fcliege.be\/fr\/wp-content\/uploads\/2023\/10\/IMG_7833-1024x683.jpg 1024w, https:\/\/fcliege.be\/fr\/wp-content\/uploads\/2023\/10\/IMG_7833-300x200.jpg 300w, https:\/\/fcliege.be\/fr\/wp-content\/uploads\/2023\/10\/IMG_7833-768x512.jpg 768w\" sizes=\"(max-width: 1024px) 100vw, 1024px\" \/><\/figure>\n\n\n\n<figure class=\"wp-block-image size-large\"><img decoding=\"async\" loading=\"lazy\" width=\"1024\" height=\"683\" data-id=\"23841\"  src=\"https:\/\/fcliege.be\/fr\/wp-content\/uploads\/2023\/10\/IMG_8281-2-1024x683.jpg\" alt=\"\" class=\"wp-image-23841\" srcset=\"https:\/\/fcliege.be\/fr\/wp-content\/uploads\/2023\/10\/IMG_8281-2-1024x683.jpg 1024w, https:\/\/fcliege.be\/fr\/wp-content\/uploads\/2023\/10\/IMG_8281-2-300x200.jpg 300w, https:\/\/fcliege.be\/fr\/wp-content\/uploads\/2023\/10\/IMG_8281-2-768x512.jpg 768w\" sizes=\"(max-width: 1024px) 100vw, 1024px\" \/><\/figure>\n<\/figure>\n","protected":false},"excerpt":{"rendered":"<p>Elio Di Rupo \u00e9tait l\u2019invit\u00e9 du Business Club 1892 de mardi dernier. Une soir\u00e9e assur\u00e9ment tr\u00e8s r\u00e9ussie pour la centaine de participants. Le Pr\u00e9sident du Gouvernement wallon a expos\u00e9 les d\u00e9fis que posent les transitions sociale, \u00e9conomique et environnementale pour notre R\u00e9gion. > D\u00e9couvrez la pr\u00e9sentation r\u00e9alis\u00e9e \u00e0 l&rsquo;occasion de cette soir\u00e9e<\/p>\n","protected":false},"author":12,"featured_media":23838,"comment_status":"closed","ping_status":"closed","sticky":false,"template":"","format":"standard","meta":{"iawp_total_views":0},"categories":[25,24,31],"tags":[],"_links":{"self":[{"href":"https:\/\/fcliege.be\/fr\/wp-json\/wp\/v2\/posts\/23835"}],"collection":[{"href":"https:\/\/fcliege.be\/fr\/wp-json\/wp\/v2\/posts"}],"about":[{"href":"https:\/\/fcliege.be\/fr\/wp-json\/wp\/v2\/types\/post"}],"author":[{"embeddable":true,"href":"https:\/\/fcliege.be\/fr\/wp-json\/wp\/v2\/users\/12"}],"replies":[{"embeddable":true,"href":"https:\/\/fcliege.be\/fr\/wp-json\/wp\/v2\/comments?post=23835"}],"version-history":[{"count":3,"href":"https:\/\/fcliege.be\/fr\/wp-json\/wp\/v2\/posts\/23835\/revisions"}],"predecessor-version":[{"id":23844,"href":"https:\/\/fcliege.be\/fr\/wp-json\/wp\/v2\/posts\/23835\/revisions\/23844"}],"wp:featuredmedia":[{"embeddable":true,"href":"https:\/\/fcliege.be\/fr\/wp-json\/wp\/v2\/media\/23838"}],"wp:attachment":[{"href":"https:\/\/fcliege.be\/fr\/wp-json\/wp\/v2\/media?parent=23835"}],"wp:term":[{"taxonomy":"category","embeddable":true,"href":"https:\/\/fcliege.be\/fr\/wp-json\/wp\/v2\/categories?post=23835"},{"taxonomy":"post_tag","embeddable":true,"href":"https:\/\/fcliege.be\/fr\/wp-json\/wp\/v2\/tags?post=23835"}],"curies":[{"name":"wp","href":"https:\/\/api.w.org\/{rel}","templated":true}]}}