{"id":23879,"date":"2023-10-25T11:33:12","date_gmt":"2023-10-25T09:33:12","guid":{"rendered":"https:\/\/fcliege.be\/fr\/?p=23879"},"modified":"2023-10-25T11:44:57","modified_gmt":"2023-10-25T09:44:57","slug":"deplacement-jong-genk-rfcl-le-21-10","status":"publish","type":"post","link":"https:\/\/fcliege.be\/fr\/deplacement-jong-genk-rfcl-le-21-10\/","title":{"rendered":"D\u00e9placement | Jong Genk-RFCL le 03\/11"},"content":{"rendered":"\n<p><\/p>\n\n\n\n<h4 class=\"wp-block-heading\"><strong>Infos concernant le d\u00e9placement pour affronter Jong Genk le 03\/11 (20h).<\/strong><\/h4>\n\n\n\n<p>Le match se jouera au stade Leunen \u00e0 Geel, o\u00f9 \u00e9voluent les U23 de Genk.<\/p>\n\n\n\n<p><strong>Le combi car est impos\u00e9 aux supporters du RFC Li\u00e8ge pour d\u00e9placement.<\/strong> <strong>Vous pouvez vous procurer vos billets de match et votre place dans le car uniquement via les clubs de supporters officiels.<\/strong><\/p>\n\n\n\n<h5 class=\"wp-block-heading\"><strong>&gt; TARIF POUR CE MATCH<\/strong><\/h5>\n\n\n\n<p>&#8211; 15 \u20ac \u00e0 partir de 18 ans<br>&#8211; 10 \u20ac de 0 \u00e0 18 ans<\/p>\n\n\n\n<h5 class=\"wp-block-heading\"><strong>&gt; TRANSPORT<\/strong><\/h5>\n\n\n\n<p>Combi car obligatoire. Les clubs de supporters organisent le d\u00e9placement en car.<\/p>\n","protected":false},"excerpt":{"rendered":"<p>Infos concernant le d\u00e9placement pour affronter Jong Genk le 03\/11 (20h). Le match se jouera au stade Leunen \u00e0 Geel, o\u00f9 \u00e9voluent les U23 de Genk. Le combi car est impos\u00e9 aux supporters du RFC Li\u00e8ge pour d\u00e9placement. Vous pouvez vous procurer vos billets de match et votre place dans le car uniquement via les [&hellip;]<\/p>\n","protected":false},"author":12,"featured_media":23880,"comment_status":"closed","ping_status":"closed","sticky":false,"template":"","format":"standard","meta":{"iawp_total_views":0},"categories":[24,28],"tags":[],"_links":{"self":[{"href":"https:\/\/fcliege.be\/fr\/wp-json\/wp\/v2\/posts\/23879"}],"collection":[{"href":"https:\/\/fcliege.be\/fr\/wp-json\/wp\/v2\/posts"}],"about":[{"href":"https:\/\/fcliege.be\/fr\/wp-json\/wp\/v2\/types\/post"}],"author":[{"embeddable":true,"href":"https:\/\/fcliege.be\/fr\/wp-json\/wp\/v2\/users\/12"}],"replies":[{"embeddable":true,"href":"https:\/\/fcliege.be\/fr\/wp-json\/wp\/v2\/comments?post=23879"}],"version-history":[{"count":3,"href":"https:\/\/fcliege.be\/fr\/wp-json\/wp\/v2\/posts\/23879\/revisions"}],"predecessor-version":[{"id":23883,"href":"https:\/\/fcliege.be\/fr\/wp-json\/wp\/v2\/posts\/23879\/revisions\/23883"}],"wp:featuredmedia":[{"embeddable":true,"href":"https:\/\/fcliege.be\/fr\/wp-json\/wp\/v2\/media\/23880"}],"wp:attachment":[{"href":"https:\/\/fcliege.be\/fr\/wp-json\/wp\/v2\/media?parent=23879"}],"wp:term":[{"taxonomy":"category","embeddable":true,"href":"https:\/\/fcliege.be\/fr\/wp-json\/wp\/v2\/categories?post=23879"},{"taxonomy":"post_tag","embeddable":true,"href":"https:\/\/fcliege.be\/fr\/wp-json\/wp\/v2\/tags?post=23879"}],"curies":[{"name":"wp","href":"https:\/\/api.w.org\/{rel}","templated":true}]}}