{"id":24463,"date":"2024-01-09T08:00:00","date_gmt":"2024-01-09T06:00:00","guid":{"rendered":"https:\/\/fcliege.be\/fr\/?p=24463"},"modified":"2024-01-08T13:07:19","modified_gmt":"2024-01-08T11:07:19","slug":"interview-la-parole-a-eric-deflandre-3","status":"publish","type":"post","link":"https:\/\/fcliege.be\/fr\/interview-la-parole-a-eric-deflandre-3\/","title":{"rendered":"Interview | La parole \u00e0 Eric Deflandre"},"content":{"rendered":"\n<p><\/p>\n\n\n\n<h4 class=\"wp-block-heading\"><strong>L&rsquo;interview de la semaine en compagnie d&rsquo;Eric Deflandre<\/strong><\/h4>\n\n\n\n<p><strong>Jusqu\u2019\u00e0 pr\u00e9sent, comment se d\u00e9roule la remise en forme des joueurs ?<\/strong><\/p>\n\n\n\n<p>Nous avons pu profiter du repos durant la tr\u00eave. Nous avons eu deux matchs amicaux et pas mal d&rsquo;entra\u00eenements, donc je pense que la remise en forme se passe plut\u00f4t bien en vue de la reprise.<\/p>\n\n\n\n<p><strong>Qu\u2019avez-vous pens\u00e9 de vos matchs de pr\u00e9paration face \u00e0 Virton et Tirlemont ?<\/strong><\/p>\n\n\n\n<p>Les deux rencontres se sont tr\u00e8s bien pass\u00e9es. Nous avons vu de tr\u00e8s bonnes choses, les joueurs ont fait les efforts qu&rsquo;ils devaient faire. De plus, juste avant les matchs, nous nous sommes \u00e9galement entra\u00een\u00e9s, donc nous sommes tr\u00e8s satisfaits des efforts des joueurs aussi bien aux matchs qu&rsquo;aux entra\u00eenements.<\/p>\n\n\n\n<p><strong>L\u2019\u00e9quipe se pr\u00e9pare pour affronter le Patro, un match o\u00f9 il faudra r\u00e9pondre physiquement.<\/strong><\/p>\n\n\n\n<p>Certainement, nous savons que le physique est tr\u00e8s important face \u00e0 eux. Nous avons tr\u00e8s bien r\u00e9pondu l\u00e0-bas. Chez nous, l\u2019appui de nos supporters sera un atout suppl\u00e9mentaire face \u00e0 un tr\u00e8s bon adversaire qui est au-dessus de nous au classement. Ils n\u2019en sont pas l\u00e0 par hasard, et c\u2019est s\u00fbr qu&rsquo;il faudra r\u00e9pondre physiquement face \u00e0 eux.<\/p>\n\n\n\n<p><strong>Au niveau de l\u2019infirmerie, le RFCL va-t-il pouvoir compter sur son noyau au complet pour la reprise ?<\/strong><\/p>\n\n\n\n<p>Point d&rsquo;interrogation car on a <strong>Midou <\/strong>qui n\u2019a pas particip\u00e9 aux deux rencontres de reprise. Alessio <strong>Cascio <\/strong>a \u00e9galement quelques soucis. Et le petit \u00c9milien <strong>Massart <\/strong>est touch\u00e9 au genou et je pense qu&rsquo;il en a pour quelques semaines avant de revenir. Donc non, nous n\u2019aurons pas notre noyau au complet, mais si nous r\u00e9cup\u00e9rons des joueurs comme Benoit <strong>Bruggeman <\/strong>ou Abian <strong>Arslan<\/strong>, cela compensera un peu.<\/p>\n\n\n\n<figure class=\"wp-block-image size-large\"><img decoding=\"async\" loading=\"lazy\" width=\"1024\" height=\"1024\" src=\"https:\/\/fcliege.be\/fr\/wp-content\/uploads\/2024\/01\/deflandre-1024x1024.jpg\" alt=\"\" class=\"wp-image-24532\" srcset=\"https:\/\/fcliege.be\/fr\/wp-content\/uploads\/2024\/01\/deflandre-1024x1024.jpg 1024w, https:\/\/fcliege.be\/fr\/wp-content\/uploads\/2024\/01\/deflandre-300x300.jpg 300w, https:\/\/fcliege.be\/fr\/wp-content\/uploads\/2024\/01\/deflandre-150x150.jpg 150w, https:\/\/fcliege.be\/fr\/wp-content\/uploads\/2024\/01\/deflandre-768x768.jpg 768w, https:\/\/fcliege.be\/fr\/wp-content\/uploads\/2024\/01\/deflandre.jpg 1080w\" sizes=\"(max-width: 1024px) 100vw, 1024px\" \/><\/figure>\n","protected":false},"excerpt":{"rendered":"<p>L&rsquo;interview de la semaine en compagnie d&rsquo;Eric Deflandre Jusqu\u2019\u00e0 pr\u00e9sent, comment se d\u00e9roule la remise en forme des joueurs ? Nous avons pu profiter du repos durant la tr\u00eave. Nous avons eu deux matchs amicaux et pas mal d&rsquo;entra\u00eenements, donc je pense que la remise en forme se passe plut\u00f4t bien en vue de la [&hellip;]<\/p>\n","protected":false},"author":12,"featured_media":24537,"comment_status":"closed","ping_status":"closed","sticky":false,"template":"","format":"standard","meta":{"iawp_total_views":0},"categories":[1,24],"tags":[],"_links":{"self":[{"href":"https:\/\/fcliege.be\/fr\/wp-json\/wp\/v2\/posts\/24463"}],"collection":[{"href":"https:\/\/fcliege.be\/fr\/wp-json\/wp\/v2\/posts"}],"about":[{"href":"https:\/\/fcliege.be\/fr\/wp-json\/wp\/v2\/types\/post"}],"author":[{"embeddable":true,"href":"https:\/\/fcliege.be\/fr\/wp-json\/wp\/v2\/users\/12"}],"replies":[{"embeddable":true,"href":"https:\/\/fcliege.be\/fr\/wp-json\/wp\/v2\/comments?post=24463"}],"version-history":[{"count":5,"href":"https:\/\/fcliege.be\/fr\/wp-json\/wp\/v2\/posts\/24463\/revisions"}],"predecessor-version":[{"id":24533,"href":"https:\/\/fcliege.be\/fr\/wp-json\/wp\/v2\/posts\/24463\/revisions\/24533"}],"wp:featuredmedia":[{"embeddable":true,"href":"https:\/\/fcliege.be\/fr\/wp-json\/wp\/v2\/media\/24537"}],"wp:attachment":[{"href":"https:\/\/fcliege.be\/fr\/wp-json\/wp\/v2\/media?parent=24463"}],"wp:term":[{"taxonomy":"category","embeddable":true,"href":"https:\/\/fcliege.be\/fr\/wp-json\/wp\/v2\/categories?post=24463"},{"taxonomy":"post_tag","embeddable":true,"href":"https:\/\/fcliege.be\/fr\/wp-json\/wp\/v2\/tags?post=24463"}],"curies":[{"name":"wp","href":"https:\/\/api.w.org\/{rel}","templated":true}]}}