{"id":24671,"date":"2024-03-01T22:10:40","date_gmt":"2024-03-01T20:10:40","guid":{"rendered":"https:\/\/fcliege.be\/fr\/?p=24671"},"modified":"2024-03-01T22:16:25","modified_gmt":"2024-03-01T20:16:25","slug":"interview-la-parole-a-benoit-nyssen-4","status":"publish","type":"post","link":"https:\/\/fcliege.be\/fr\/interview-la-parole-a-benoit-nyssen-4\/","title":{"rendered":"Interview | La parole \u00e0 Beno\u00eet Nyssen"},"content":{"rendered":"\n<p><\/p>\n\n\n\n<h4 class=\"wp-block-heading\"><strong>L&rsquo;interview de la semaine en compagnie de Beno\u00eet Nyssen<\/strong><\/h4>\n\n\n\n<p><strong>Quelques jours apr\u00e8s le derby face au SL16, pouvez-vous nous dire ce que vous avez pens\u00e9 de ce match ?<\/strong><\/p>\n\n\n\n<p>Ce fut un compliqu\u00e9, contre une \u00e9quipe face \u00e0 laquelle nous savions qu\u2019il y aurait une motivation suppl\u00e9mentaire des deux c\u00f4t\u00e9s. C\u2019est un adversaire qui a des qualit\u00e9s, nous avons essay\u00e9 de faire le meilleur match possible. Malheureusement, nous avons produit un peu trop de d\u00e9chets dans notre jeu. Finalement, nous avons quand m\u00eame r\u00e9ussi \u00e0 prendre 1 point. Ce n\u2019\u00e9tait pas l\u2019objectif, mais parfois il faut faire en fonction des circonstances, donc nous devons l\u2019accepter et continuer d\u2019avancer.<\/p>\n\n\n\n<p><strong>Lors du penalty, \u00e9tiez-vous d\u00e9sign\u00e9 avant la rencontre ou cela s\u2019est d\u00e9cid\u00e9 sur le moment ?<\/strong><\/p>\n\n\n\n<p>Avant le match, il y avait deux joueurs d\u00e9sign\u00e9s, <strong>D\u2019Ostilio <\/strong>et moi, et c\u2019\u00e9tait celui qui se sentait le mieux qui devait prendre ses responsabilit\u00e9s. Je me sentais vraiment bien et je voulais absolument le tirer, et Jona a accept\u00e9 de me le laisser.<\/p>\n\n\n\n<p><strong>Qu\u2019est-ce qui t\u2019est pass\u00e9 par la t\u00eate au moment de frapper ?<\/strong><\/p>\n\n\n\n<p>Pas grand-chose, j\u2019\u00e9tais juste concentr\u00e9. J\u2019avais d\u00e9j\u00e0 pris la d\u00e9cision de le tirer vers la droite, ce que j\u2019ai fait. Donc, je ne me suis pas pos\u00e9 la moindre question, j\u2019attendais juste de pouvoir le frapper. Je n\u2019avais aucun doute en moi, c\u2019\u00e9tait un geste que j\u2019avais d\u00e9j\u00e0 bien travaill\u00e9. J\u2019avais confiance et au final \u00e7a termine au fond des filets, c\u2019est le plus important.<\/p>\n\n\n\n<p><strong>Li\u00e8ge va aborder un match tr\u00e8s important en vue du top 6. Est-ce que les playoffs commencent \u00e0 vous trotter dans la t\u00eate ?<\/strong><\/p>\n\n\n\n<p>Il ne reste que 7 rencontres, tous les points sont importants. Oui, il y a une ambition naturelle qui se cr\u00e9e au fur et \u00e0 mesure de la saison. Dans notre cas, m\u00eame si l\u2019objectif premier n\u2019est pas encore atteint, il est en bonne voie. Nous avons pas mal de points d\u2019avance, mais c\u2019est clair que nous voulons viser le plus haut possible et atteindre le top 6.<\/p>\n\n\n\n<p><strong>Est-ce que le fait d\u2019\u00eatre priv\u00e9 de votre public pour les 3 prochains d\u00e9placements va changer quelque chose dans la mani\u00e8re d\u2019aborder les matchs ?<\/strong><\/p>\n\n\n\n<p>Sur la mani\u00e8re d\u2019aborder le match, non, mais c\u2019est clair que nous pr\u00e9f\u00e9rons avoir nos supporters avec nous. Le fait qu\u2019ils ne puissent pas \u00eatre pr\u00e9sents n\u2019est pas une d\u00e9cision que nous appr\u00e9cions, mais nous n\u2019avons pas le choix, nous devons l\u2019accepter et faire sans eux. Mais c\u2019est dommage, nous pr\u00e9f\u00e9rons toujours les avoir avec nous lors de nos matchs, surtout quand ils sont si importants.<\/p>\n\n\n\n<figure class=\"wp-block-image size-large\"><img decoding=\"async\" loading=\"lazy\" width=\"1024\" height=\"1024\" src=\"https:\/\/fcliege.be\/fr\/wp-content\/uploads\/2024\/03\/nyssen-1024x1024.jpg\" alt=\"\" class=\"wp-image-24963\" srcset=\"https:\/\/fcliege.be\/fr\/wp-content\/uploads\/2024\/03\/nyssen-1024x1024.jpg 1024w, https:\/\/fcliege.be\/fr\/wp-content\/uploads\/2024\/03\/nyssen-300x300.jpg 300w, https:\/\/fcliege.be\/fr\/wp-content\/uploads\/2024\/03\/nyssen-150x150.jpg 150w, https:\/\/fcliege.be\/fr\/wp-content\/uploads\/2024\/03\/nyssen-768x768.jpg 768w, https:\/\/fcliege.be\/fr\/wp-content\/uploads\/2024\/03\/nyssen.jpg 1080w\" sizes=\"(max-width: 1024px) 100vw, 1024px\" \/><\/figure>\n","protected":false},"excerpt":{"rendered":"<p>L&rsquo;interview de la semaine en compagnie de Beno\u00eet Nyssen Quelques jours apr\u00e8s le derby face au SL16, pouvez-vous nous dire ce que vous avez pens\u00e9 de ce match ? Ce fut un compliqu\u00e9, contre une \u00e9quipe face \u00e0 laquelle nous savions qu\u2019il y aurait une motivation suppl\u00e9mentaire des deux c\u00f4t\u00e9s. C\u2019est un adversaire qui a [&hellip;]<\/p>\n","protected":false},"author":12,"featured_media":24961,"comment_status":"closed","ping_status":"closed","sticky":false,"template":"","format":"standard","meta":{"iawp_total_views":1},"categories":[1,24],"tags":[],"_links":{"self":[{"href":"https:\/\/fcliege.be\/fr\/wp-json\/wp\/v2\/posts\/24671"}],"collection":[{"href":"https:\/\/fcliege.be\/fr\/wp-json\/wp\/v2\/posts"}],"about":[{"href":"https:\/\/fcliege.be\/fr\/wp-json\/wp\/v2\/types\/post"}],"author":[{"embeddable":true,"href":"https:\/\/fcliege.be\/fr\/wp-json\/wp\/v2\/users\/12"}],"replies":[{"embeddable":true,"href":"https:\/\/fcliege.be\/fr\/wp-json\/wp\/v2\/comments?post=24671"}],"version-history":[{"count":4,"href":"https:\/\/fcliege.be\/fr\/wp-json\/wp\/v2\/posts\/24671\/revisions"}],"predecessor-version":[{"id":24964,"href":"https:\/\/fcliege.be\/fr\/wp-json\/wp\/v2\/posts\/24671\/revisions\/24964"}],"wp:featuredmedia":[{"embeddable":true,"href":"https:\/\/fcliege.be\/fr\/wp-json\/wp\/v2\/media\/24961"}],"wp:attachment":[{"href":"https:\/\/fcliege.be\/fr\/wp-json\/wp\/v2\/media?parent=24671"}],"wp:term":[{"taxonomy":"category","embeddable":true,"href":"https:\/\/fcliege.be\/fr\/wp-json\/wp\/v2\/categories?post=24671"},{"taxonomy":"post_tag","embeddable":true,"href":"https:\/\/fcliege.be\/fr\/wp-json\/wp\/v2\/tags?post=24671"}],"curies":[{"name":"wp","href":"https:\/\/api.w.org\/{rel}","templated":true}]}}