{"id":24699,"date":"2024-02-01T23:28:15","date_gmt":"2024-02-01T21:28:15","guid":{"rendered":"https:\/\/fcliege.be\/fr\/?p=24699"},"modified":"2024-02-01T23:28:15","modified_gmt":"2024-02-01T21:28:15","slug":"mercato-adriano-bertaccini-au-stvv","status":"publish","type":"post","link":"https:\/\/fcliege.be\/fr\/mercato-adriano-bertaccini-au-stvv\/","title":{"rendered":"Mercato | Adriano Bertaccini au STVV"},"content":{"rendered":"\n<p><\/p>\n\n\n\n<h4 class=\"wp-block-heading\"><strong>Le RFC Li\u00e8ge annonce le d\u00e9part d&rsquo;Adriano Bertaccini vers le STVV.<\/strong><\/h4>\n\n\n\n<p>L\u2019offre re\u00e7ue ne nous permettait pas de retarder l\u2019accomplissement du r\u00eave de notre joueur d\u2019\u00e9voluer en Jupiler Pro League.<\/p>\n\n\n\n<p>Nous remercions Adriano pour ses performances qui ont contribu\u00e9 \u00e0 ce que le retour du club en Pro League soit jusqu\u2019ici un succ\u00e8s et nous lui souhaitons le meilleur sous ses nouvelles couleurs sur les terrains de la D1A.<\/p>\n\n\n\n<p>Les sommes obtenues suite \u00e0 ce transfert seront int\u00e9gralement affect\u00e9es au recrutement en vue de la prochaine saison car l\u2019ambition des nouveaux dirigeants du club est et reste que le RFCL progresse chaque saison.<\/p>\n\n\n\n<figure class=\"wp-block-image size-large\"><img decoding=\"async\" loading=\"lazy\" width=\"1024\" height=\"1024\" src=\"https:\/\/fcliege.be\/fr\/wp-content\/uploads\/2024\/02\/adriano-1024x1024.jpg\" alt=\"\" class=\"wp-image-24708\" srcset=\"https:\/\/fcliege.be\/fr\/wp-content\/uploads\/2024\/02\/adriano-1024x1024.jpg 1024w, https:\/\/fcliege.be\/fr\/wp-content\/uploads\/2024\/02\/adriano-300x300.jpg 300w, https:\/\/fcliege.be\/fr\/wp-content\/uploads\/2024\/02\/adriano-150x150.jpg 150w, https:\/\/fcliege.be\/fr\/wp-content\/uploads\/2024\/02\/adriano-768x768.jpg 768w, https:\/\/fcliege.be\/fr\/wp-content\/uploads\/2024\/02\/adriano-1536x1536.jpg 1536w, https:\/\/fcliege.be\/fr\/wp-content\/uploads\/2024\/02\/adriano.jpg 2000w\" sizes=\"(max-width: 1024px) 100vw, 1024px\" \/><\/figure>\n","protected":false},"excerpt":{"rendered":"<p>Le RFC Li\u00e8ge annonce le d\u00e9part d&rsquo;Adriano Bertaccini vers le STVV. L\u2019offre re\u00e7ue ne nous permettait pas de retarder l\u2019accomplissement du r\u00eave de notre joueur d\u2019\u00e9voluer en Jupiler Pro League. Nous remercions Adriano pour ses performances qui ont contribu\u00e9 \u00e0 ce que le retour du club en Pro League soit jusqu\u2019ici un succ\u00e8s et nous [&hellip;]<\/p>\n","protected":false},"author":12,"featured_media":24703,"comment_status":"closed","ping_status":"closed","sticky":false,"template":"","format":"standard","meta":{"iawp_total_views":6},"categories":[24,26],"tags":[],"_links":{"self":[{"href":"https:\/\/fcliege.be\/fr\/wp-json\/wp\/v2\/posts\/24699"}],"collection":[{"href":"https:\/\/fcliege.be\/fr\/wp-json\/wp\/v2\/posts"}],"about":[{"href":"https:\/\/fcliege.be\/fr\/wp-json\/wp\/v2\/types\/post"}],"author":[{"embeddable":true,"href":"https:\/\/fcliege.be\/fr\/wp-json\/wp\/v2\/users\/12"}],"replies":[{"embeddable":true,"href":"https:\/\/fcliege.be\/fr\/wp-json\/wp\/v2\/comments?post=24699"}],"version-history":[{"count":7,"href":"https:\/\/fcliege.be\/fr\/wp-json\/wp\/v2\/posts\/24699\/revisions"}],"predecessor-version":[{"id":24709,"href":"https:\/\/fcliege.be\/fr\/wp-json\/wp\/v2\/posts\/24699\/revisions\/24709"}],"wp:featuredmedia":[{"embeddable":true,"href":"https:\/\/fcliege.be\/fr\/wp-json\/wp\/v2\/media\/24703"}],"wp:attachment":[{"href":"https:\/\/fcliege.be\/fr\/wp-json\/wp\/v2\/media?parent=24699"}],"wp:term":[{"taxonomy":"category","embeddable":true,"href":"https:\/\/fcliege.be\/fr\/wp-json\/wp\/v2\/categories?post=24699"},{"taxonomy":"post_tag","embeddable":true,"href":"https:\/\/fcliege.be\/fr\/wp-json\/wp\/v2\/tags?post=24699"}],"curies":[{"name":"wp","href":"https:\/\/api.w.org\/{rel}","templated":true}]}}