{"id":24726,"date":"2024-02-07T09:00:00","date_gmt":"2024-02-07T07:00:00","guid":{"rendered":"https:\/\/fcliege.be\/fr\/?p=24726"},"modified":"2024-02-10T18:15:11","modified_gmt":"2024-02-10T16:15:11","slug":"interview-la-parole-a-lucca-lucker","status":"publish","type":"post","link":"https:\/\/fcliege.be\/fr\/interview-la-parole-a-lucca-lucker\/","title":{"rendered":"Interview | La parole \u00e0 Lucca Lucker"},"content":{"rendered":"\n<p><\/p>\n\n\n\n<h4 class=\"wp-block-heading\"><strong>L&rsquo;interview de la semaine en compagnie de Lucca Lucker<\/strong><\/h4>\n\n\n\n<p><strong>Qu&rsquo;as-tu pens\u00e9 de la rencontre face au Beerschot ?<\/strong><\/p>\n\n\n\n<p>Nous savions avant le match que ce serait une rencontre tr\u00e8s compliqu\u00e9e. En plus de cela, nous avons eu deux exclusions de notre c\u00f4t\u00e9 et d&rsquo;autres faits de match qui ont jou\u00e9 en notre d\u00e9faveur. Je pense que nous nous sommes tr\u00e8s bien battus. Maintenant, nous allons discuter avec le coach et le reste de l&rsquo;\u00e9quipe en vue du match de mercredi.<\/p>\n\n\n\n<p><strong>\u00c0 9 contre 11, l&rsquo;\u00e9quipe est rest\u00e9e valeureuse et n&rsquo;a pas \u00e0 rougir de sa prestation&#8230;<\/strong><\/p>\n\n\n\n<p>En effet, nous avons livr\u00e9 une belle prestation. Le Beerschot a eu pas mal d&rsquo;espaces gr\u00e2ce \u00e0 ses joueurs tr\u00e8s techniques, contre qui il est tr\u00e8s difficile de d\u00e9fendre. Cependant, nous n&rsquo;avons pas \u00e0 rougir de notre prestation. L&rsquo;objectif est maintenant de se remettre \u00e0 gagner, et cela d\u00e8s mercredi.<\/p>\n\n\n\n<p><strong>Cap sur Anderlecht, o\u00f9 il faut donc prendre des points ar\u00e8s deux d\u00e9faites d&rsquo;affil\u00e9e<\/strong>.<\/p>\n\n\n\n<p>Exact, si nous voulons continuer \u00e0 regarder vers le haut, il faut prendre des points. Nous allons bien nous pr\u00e9parer pour le prochain duel, et ensuite il y aura encore Ostende. C&rsquo;est une semaine \u00e0 l&rsquo;anglaise comme on dit, et nous devrons prendre un maximum de points.<\/p>\n\n\n\n<p><strong>Ce sont trois d\u00e9placements importants dans la course pour le maintien qui arrivent. Comment allez-vous aborder ces matchs ?<\/strong><\/p>\n\n\n\n<p>Nous ne pensons pas encore r\u00e9ellement aux autres rencontres, nous prenons match par match. D&rsquo;abord Anderlecht. Nous allons encore une fois tout donner, et cette fois nous remporterons la victoire !<\/p>\n\n\n\n<figure class=\"wp-block-image size-large\"><img decoding=\"async\" loading=\"lazy\" width=\"1024\" height=\"1024\" src=\"https:\/\/fcliege.be\/fr\/wp-content\/uploads\/2024\/02\/lucker-1-1024x1024.jpg\" alt=\"\" class=\"wp-image-24752\" srcset=\"https:\/\/fcliege.be\/fr\/wp-content\/uploads\/2024\/02\/lucker-1-1024x1024.jpg 1024w, https:\/\/fcliege.be\/fr\/wp-content\/uploads\/2024\/02\/lucker-1-300x300.jpg 300w, https:\/\/fcliege.be\/fr\/wp-content\/uploads\/2024\/02\/lucker-1-150x150.jpg 150w, https:\/\/fcliege.be\/fr\/wp-content\/uploads\/2024\/02\/lucker-1-768x768.jpg 768w, https:\/\/fcliege.be\/fr\/wp-content\/uploads\/2024\/02\/lucker-1.jpg 1080w\" sizes=\"(max-width: 1024px) 100vw, 1024px\" \/><\/figure>\n","protected":false},"excerpt":{"rendered":"<p>L&rsquo;interview de la semaine en compagnie de Lucca Lucker Qu&rsquo;as-tu pens\u00e9 de la rencontre face au Beerschot ? Nous savions avant le match que ce serait une rencontre tr\u00e8s compliqu\u00e9e. En plus de cela, nous avons eu deux exclusions de notre c\u00f4t\u00e9 et d&rsquo;autres faits de match qui ont jou\u00e9 en notre d\u00e9faveur. Je pense [&hellip;]<\/p>\n","protected":false},"author":12,"featured_media":24750,"comment_status":"closed","ping_status":"closed","sticky":false,"template":"","format":"standard","meta":{"iawp_total_views":2},"categories":[1],"tags":[],"_links":{"self":[{"href":"https:\/\/fcliege.be\/fr\/wp-json\/wp\/v2\/posts\/24726"}],"collection":[{"href":"https:\/\/fcliege.be\/fr\/wp-json\/wp\/v2\/posts"}],"about":[{"href":"https:\/\/fcliege.be\/fr\/wp-json\/wp\/v2\/types\/post"}],"author":[{"embeddable":true,"href":"https:\/\/fcliege.be\/fr\/wp-json\/wp\/v2\/users\/12"}],"replies":[{"embeddable":true,"href":"https:\/\/fcliege.be\/fr\/wp-json\/wp\/v2\/comments?post=24726"}],"version-history":[{"count":6,"href":"https:\/\/fcliege.be\/fr\/wp-json\/wp\/v2\/posts\/24726\/revisions"}],"predecessor-version":[{"id":24753,"href":"https:\/\/fcliege.be\/fr\/wp-json\/wp\/v2\/posts\/24726\/revisions\/24753"}],"wp:featuredmedia":[{"embeddable":true,"href":"https:\/\/fcliege.be\/fr\/wp-json\/wp\/v2\/media\/24750"}],"wp:attachment":[{"href":"https:\/\/fcliege.be\/fr\/wp-json\/wp\/v2\/media?parent=24726"}],"wp:term":[{"taxonomy":"category","embeddable":true,"href":"https:\/\/fcliege.be\/fr\/wp-json\/wp\/v2\/categories?post=24726"},{"taxonomy":"post_tag","embeddable":true,"href":"https:\/\/fcliege.be\/fr\/wp-json\/wp\/v2\/tags?post=24726"}],"curies":[{"name":"wp","href":"https:\/\/api.w.org\/{rel}","templated":true}]}}