{"id":24953,"date":"2024-02-29T13:13:48","date_gmt":"2024-02-29T11:13:48","guid":{"rendered":"https:\/\/fcliege.be\/fr\/?p=24953"},"modified":"2024-02-29T13:18:50","modified_gmt":"2024-02-29T11:18:50","slug":"communique-de-la-direction-3","status":"publish","type":"post","link":"https:\/\/fcliege.be\/fr\/communique-de-la-direction-3\/","title":{"rendered":"Sanction | Communiqu\u00e9 de la direction"},"content":{"rendered":"\n<p><\/p>\n\n\n\n<h4 class=\"wp-block-heading\"><strong>La direction du club a fermement condamn\u00e9 les incidents de samedi dernier. Leurs auteurs pourraient gr\u00e2ce aux cameras \u00eatre rapidement identifi\u00e9s.<\/strong><\/h4>\n\n\n\n<p><strong>Cela \u00e9tant, le club regrette la sanction prise par la Pro League d\u2019interdire de 3 d\u00e9placements nos supporters et en fera part lors de la prochaine assembl\u00e9e g\u00e9n\u00e9rale de la Pro League du 12 mars prochain :<\/strong><\/p>\n\n\n\n<p>&#8211; il est selon nous contre-productif d\u2019appliquer cette sanction lors d\u2019une interruption momentan\u00e9e de la rencontre (par opposition \u00e0 une interruption d\u00e9finitive)<br>&#8211; la sanction p\u00e9nalise les \u00ab supporters fid\u00e8les \u00bb du RFCL qui se d\u00e9placent lors de chaque rencontre \u00e0 l\u2019ext\u00e9rieur<br>&#8211; la sanction p\u00e9nalise les joueurs priv\u00e9s du soutien de leur public<br>&#8211; les incidents se sont produits lors d\u2019une rencontre \u00e0 domicile et pas lors d\u2019un d\u00e9placement<br>&#8211; la sanction s\u2019ajoute aux sanctions disciplinaires \u00e0 prendre par la RBFA et \u00e0 une indemnit\u00e9 compl\u00e9mentaire de 10.000\u20ac r\u00e9clam\u00e9e par la Pro League.<\/p>\n\n\n\n<p>La Pro League a par ailleurs notifi\u00e9 hier \u00e0 notre club et aux clubs visit\u00e9s que :<br>&#8211; l\u2019interdiction s\u2019appliquait aussi \u00e0 la famille des joueurs et membres du staff (lesquels re\u00e7oivent normalement 40 places pour tous les matches en d\u00e9placement)<br>&#8211; seuls les administrateurs et membres du management peuvent assister aux matches<br>&#8211; les clubs visit\u00e9s doivent (eux aussi sous peine d\u2019amendes !) v\u00e9rifier que les mesures d\u2019interdiction sont strictement respect\u00e9es.<\/p>\n\n\n\n<p><strong>Trop, c\u2019est trop. Par solidarit\u00e9 avec ses supporters et les familles des joueurs, la direction du club n\u2019enverra aucun repr\u00e9sentant lors des d\u00e9placements \u00e0 Lommel, au Lierse et aux Francs Borains.<\/strong><\/p>\n","protected":false},"excerpt":{"rendered":"<p>La direction du club a fermement condamn\u00e9 les incidents de samedi dernier. Leurs auteurs pourraient gr\u00e2ce aux cameras \u00eatre rapidement identifi\u00e9s. Cela \u00e9tant, le club regrette la sanction prise par la Pro League d\u2019interdire de 3 d\u00e9placements nos supporters et en fera part lors de la prochaine assembl\u00e9e g\u00e9n\u00e9rale de la Pro League du 12 [&hellip;]<\/p>\n","protected":false},"author":12,"featured_media":0,"comment_status":"closed","ping_status":"closed","sticky":false,"template":"","format":"standard","meta":{"iawp_total_views":2},"categories":[24,28],"tags":[],"_links":{"self":[{"href":"https:\/\/fcliege.be\/fr\/wp-json\/wp\/v2\/posts\/24953"}],"collection":[{"href":"https:\/\/fcliege.be\/fr\/wp-json\/wp\/v2\/posts"}],"about":[{"href":"https:\/\/fcliege.be\/fr\/wp-json\/wp\/v2\/types\/post"}],"author":[{"embeddable":true,"href":"https:\/\/fcliege.be\/fr\/wp-json\/wp\/v2\/users\/12"}],"replies":[{"embeddable":true,"href":"https:\/\/fcliege.be\/fr\/wp-json\/wp\/v2\/comments?post=24953"}],"version-history":[{"count":4,"href":"https:\/\/fcliege.be\/fr\/wp-json\/wp\/v2\/posts\/24953\/revisions"}],"predecessor-version":[{"id":24957,"href":"https:\/\/fcliege.be\/fr\/wp-json\/wp\/v2\/posts\/24953\/revisions\/24957"}],"wp:attachment":[{"href":"https:\/\/fcliege.be\/fr\/wp-json\/wp\/v2\/media?parent=24953"}],"wp:term":[{"taxonomy":"category","embeddable":true,"href":"https:\/\/fcliege.be\/fr\/wp-json\/wp\/v2\/categories?post=24953"},{"taxonomy":"post_tag","embeddable":true,"href":"https:\/\/fcliege.be\/fr\/wp-json\/wp\/v2\/tags?post=24953"}],"curies":[{"name":"wp","href":"https:\/\/api.w.org\/{rel}","templated":true}]}}