{"id":24972,"date":"2024-03-21T08:00:00","date_gmt":"2024-03-21T06:00:00","guid":{"rendered":"https:\/\/fcliege.be\/fr\/?p=24972"},"modified":"2024-03-29T13:21:07","modified_gmt":"2024-03-29T11:21:07","slug":"election-du-liegeois-de-lannee","status":"publish","type":"post","link":"https:\/\/fcliege.be\/fr\/election-du-liegeois-de-lannee\/","title":{"rendered":"\u00c9lection du Li\u00e9geois de l&rsquo;ann\u00e9e"},"content":{"rendered":"\n<p><\/p>\n\n\n\n<h4 class=\"wp-block-heading\"><strong>Le 28 mars, La Meuse organisera un gala pour c\u00e9l\u00e9brer les Li\u00e9geois qui ont marqu\u00e9 l\u2019ann\u00e9e 2023. Jean-Paul Lacomble est nomin\u00e9 dans la cat\u00e9gorie sport !<\/strong><\/h4>\n\n\n\n<p>Du 4 au 24 mars \u00e0 minuit, vous pouvez voter <strong>une fois par jour<\/strong>.<\/p>\n\n\n\n<p>Les gagnants seront annonc\u00e9s le 28\/03 au Palais des Congr\u00e8s !<\/p>\n\n\n\n<p><strong>Comment voter ? Rendez-vous sur <a href=\"http:\/\/www.liegeoisdelannee.be\" target=\"_blank\" rel=\"noreferrer noopener\">www.liegeoisdelannee.be<\/a><\/strong><\/p>\n","protected":false},"excerpt":{"rendered":"<p>Le 28 mars, La Meuse organisera un gala pour c\u00e9l\u00e9brer les Li\u00e9geois qui ont marqu\u00e9 l\u2019ann\u00e9e 2023. Jean-Paul Lacomble est nomin\u00e9 dans la cat\u00e9gorie sport ! Du 4 au 24 mars \u00e0 minuit, vous pouvez voter une fois par jour. Les gagnants seront annonc\u00e9s le 28\/03 au Palais des Congr\u00e8s ! Comment voter ? Rendez-vous [&hellip;]<\/p>\n","protected":false},"author":12,"featured_media":24973,"comment_status":"closed","ping_status":"closed","sticky":false,"template":"","format":"standard","meta":{"iawp_total_views":0},"categories":[1],"tags":[],"_links":{"self":[{"href":"https:\/\/fcliege.be\/fr\/wp-json\/wp\/v2\/posts\/24972"}],"collection":[{"href":"https:\/\/fcliege.be\/fr\/wp-json\/wp\/v2\/posts"}],"about":[{"href":"https:\/\/fcliege.be\/fr\/wp-json\/wp\/v2\/types\/post"}],"author":[{"embeddable":true,"href":"https:\/\/fcliege.be\/fr\/wp-json\/wp\/v2\/users\/12"}],"replies":[{"embeddable":true,"href":"https:\/\/fcliege.be\/fr\/wp-json\/wp\/v2\/comments?post=24972"}],"version-history":[{"count":4,"href":"https:\/\/fcliege.be\/fr\/wp-json\/wp\/v2\/posts\/24972\/revisions"}],"predecessor-version":[{"id":24977,"href":"https:\/\/fcliege.be\/fr\/wp-json\/wp\/v2\/posts\/24972\/revisions\/24977"}],"wp:featuredmedia":[{"embeddable":true,"href":"https:\/\/fcliege.be\/fr\/wp-json\/wp\/v2\/media\/24973"}],"wp:attachment":[{"href":"https:\/\/fcliege.be\/fr\/wp-json\/wp\/v2\/media?parent=24972"}],"wp:term":[{"taxonomy":"category","embeddable":true,"href":"https:\/\/fcliege.be\/fr\/wp-json\/wp\/v2\/categories?post=24972"},{"taxonomy":"post_tag","embeddable":true,"href":"https:\/\/fcliege.be\/fr\/wp-json\/wp\/v2\/tags?post=24972"}],"curies":[{"name":"wp","href":"https:\/\/api.w.org\/{rel}","templated":true}]}}