{"id":25081,"date":"2024-03-15T17:45:00","date_gmt":"2024-03-15T15:45:00","guid":{"rendered":"https:\/\/fcliege.be\/fr\/?p=25081"},"modified":"2024-03-15T17:16:17","modified_gmt":"2024-03-15T15:16:17","slug":"noyau-a-1er-contrat-pro-pour-arslan","status":"publish","type":"post","link":"https:\/\/fcliege.be\/fr\/noyau-a-1er-contrat-pro-pour-arslan\/","title":{"rendered":"Noyau A | 1er contrat pro pour Arslan"},"content":{"rendered":"\n<p><\/p>\n\n\n\n<h4 class=\"wp-block-heading\"><strong>Abian Arslan a sign\u00e9 son premier contrat de sportif r\u00e9mun\u00e9r\u00e9 !<\/strong><\/h4>\n\n\n\n<p>La saison 2024-2025 se pr\u00e9pare d\u00e9j\u00e0 ! <strong>Abian Arslan<\/strong>, 19 ans, form\u00e9 au RFCL, a clairement montr\u00e9 depuis le d\u00e9but de saison qu\u2019il avait sa place dans le noyau professionnel.<\/p>\n\n\n\n<p>Plusieurs fois titularis\u00e9 par <strong>Ga\u00ebtan Englebert<\/strong>, Abian a montr\u00e9 qu\u2019il pouvait occuper diff\u00e9rents postes.<\/p>\n\n\n\n<p>Son contrat le lie au club jusqu\u2019au 30\/06\/2026.<\/p>\n\n\n\n<p>F\u00e9licitations \u00e0 notre jeune joueur !<\/p>\n","protected":false},"excerpt":{"rendered":"<p>Abian Arslan a sign\u00e9 son premier contrat de sportif r\u00e9mun\u00e9r\u00e9 ! La saison 2024-2025 se pr\u00e9pare d\u00e9j\u00e0 ! Abian Arslan, 19 ans, form\u00e9 au RFCL, a clairement montr\u00e9 depuis le d\u00e9but de saison qu\u2019il avait sa place dans le noyau professionnel. Plusieurs fois titularis\u00e9 par Ga\u00ebtan Englebert, Abian a montr\u00e9 qu\u2019il pouvait occuper diff\u00e9rents postes. [&hellip;]<\/p>\n","protected":false},"author":12,"featured_media":25083,"comment_status":"closed","ping_status":"closed","sticky":false,"template":"","format":"standard","meta":{"iawp_total_views":4},"categories":[24,26],"tags":[],"_links":{"self":[{"href":"https:\/\/fcliege.be\/fr\/wp-json\/wp\/v2\/posts\/25081"}],"collection":[{"href":"https:\/\/fcliege.be\/fr\/wp-json\/wp\/v2\/posts"}],"about":[{"href":"https:\/\/fcliege.be\/fr\/wp-json\/wp\/v2\/types\/post"}],"author":[{"embeddable":true,"href":"https:\/\/fcliege.be\/fr\/wp-json\/wp\/v2\/users\/12"}],"replies":[{"embeddable":true,"href":"https:\/\/fcliege.be\/fr\/wp-json\/wp\/v2\/comments?post=25081"}],"version-history":[{"count":3,"href":"https:\/\/fcliege.be\/fr\/wp-json\/wp\/v2\/posts\/25081\/revisions"}],"predecessor-version":[{"id":25085,"href":"https:\/\/fcliege.be\/fr\/wp-json\/wp\/v2\/posts\/25081\/revisions\/25085"}],"wp:featuredmedia":[{"embeddable":true,"href":"https:\/\/fcliege.be\/fr\/wp-json\/wp\/v2\/media\/25083"}],"wp:attachment":[{"href":"https:\/\/fcliege.be\/fr\/wp-json\/wp\/v2\/media?parent=25081"}],"wp:term":[{"taxonomy":"category","embeddable":true,"href":"https:\/\/fcliege.be\/fr\/wp-json\/wp\/v2\/categories?post=25081"},{"taxonomy":"post_tag","embeddable":true,"href":"https:\/\/fcliege.be\/fr\/wp-json\/wp\/v2\/tags?post=25081"}],"curies":[{"name":"wp","href":"https:\/\/api.w.org\/{rel}","templated":true}]}}