{"id":25136,"date":"2024-03-30T08:00:00","date_gmt":"2024-03-30T06:00:00","guid":{"rendered":"https:\/\/fcliege.be\/fr\/?p=25136"},"modified":"2024-03-24T23:23:13","modified_gmt":"2024-03-24T21:23:13","slug":"allons-liege-nouveau-numero-en-vente-4","status":"publish","type":"post","link":"https:\/\/fcliege.be\/fr\/allons-liege-nouveau-numero-en-vente-4\/","title":{"rendered":"Allons Li\u00e8ge ! | Nouveau num\u00e9ro en vente"},"content":{"rendered":"\n<p><\/p>\n\n\n\n<h4 class=\"wp-block-heading\"><strong>Le nouveau num\u00e9ro du magazine officiel \u00ab\u00a0Allons Li\u00e8ge !\u00a0\u00bb est disponible !<\/strong><\/h4>\n\n\n\n<p>Merci \u00e0 notre partenaire presse <strong>La Meuse <\/strong>pour la r\u00e9alisation.<\/p>\n\n\n\n<p><strong>Sommaire <\/strong>: <\/p>\n\n\n\n<p>&#8211; Portrait de <strong>Reno Wilmots<\/strong><br>&#8211; Entretien avec <strong>Zakaria Atteri<\/strong><br>&#8211; Focus sur l&rsquo;\u00e9quipe dames avec <strong>Ines Lahmidi<\/strong><br>&#8211; Pr\u00e9sentation des actions sociales <strong>\u00ab\u00a0Partageons Notre Ardeur\u00a0\u00bb<\/strong><\/p>\n\n\n\n<p>Disponible au fanshop ce dimanche \u00e0 l&rsquo;occasion du match face \u00e0 Beveren.<\/p>\n\n\n\n<p><strong><a href=\"https:\/\/www.fcliege-fanshop.be\/shop\/allons-liege-4-saison-2023-2024\/\" target=\"_blank\" rel=\"noreferrer noopener\">&gt; COMMANDEZ LE MAGAZINE DES MAINTENANT EN LIGNE<\/a><\/strong><\/p>\n\n\n\n<figure class=\"wp-block-image size-large\"><img decoding=\"async\" loading=\"lazy\" width=\"1024\" height=\"1024\" src=\"https:\/\/fcliege.be\/fr\/wp-content\/uploads\/2024\/03\/Magazine-Allons-Liege-4-1-1024x1024.jpg\" alt=\"\" class=\"wp-image-25138\" srcset=\"https:\/\/fcliege.be\/fr\/wp-content\/uploads\/2024\/03\/Magazine-Allons-Liege-4-1-1024x1024.jpg 1024w, https:\/\/fcliege.be\/fr\/wp-content\/uploads\/2024\/03\/Magazine-Allons-Liege-4-1-300x300.jpg 300w, https:\/\/fcliege.be\/fr\/wp-content\/uploads\/2024\/03\/Magazine-Allons-Liege-4-1-150x150.jpg 150w, https:\/\/fcliege.be\/fr\/wp-content\/uploads\/2024\/03\/Magazine-Allons-Liege-4-1-768x768.jpg 768w, https:\/\/fcliege.be\/fr\/wp-content\/uploads\/2024\/03\/Magazine-Allons-Liege-4-1.jpg 1200w\" sizes=\"(max-width: 1024px) 100vw, 1024px\" \/><\/figure>\n","protected":false},"excerpt":{"rendered":"<p>Le nouveau num\u00e9ro du magazine officiel \u00ab\u00a0Allons Li\u00e8ge !\u00a0\u00bb est disponible ! Merci \u00e0 notre partenaire presse La Meuse pour la r\u00e9alisation. Sommaire : &#8211; Portrait de Reno Wilmots&#8211; Entretien avec Zakaria Atteri&#8211; Focus sur l&rsquo;\u00e9quipe dames avec Ines Lahmidi&#8211; Pr\u00e9sentation des actions sociales \u00ab\u00a0Partageons Notre Ardeur\u00a0\u00bb Disponible au fanshop ce dimanche \u00e0 l&rsquo;occasion du [&hellip;]<\/p>\n","protected":false},"author":12,"featured_media":25137,"comment_status":"closed","ping_status":"closed","sticky":false,"template":"","format":"standard","meta":{"iawp_total_views":0},"categories":[1,24],"tags":[],"_links":{"self":[{"href":"https:\/\/fcliege.be\/fr\/wp-json\/wp\/v2\/posts\/25136"}],"collection":[{"href":"https:\/\/fcliege.be\/fr\/wp-json\/wp\/v2\/posts"}],"about":[{"href":"https:\/\/fcliege.be\/fr\/wp-json\/wp\/v2\/types\/post"}],"author":[{"embeddable":true,"href":"https:\/\/fcliege.be\/fr\/wp-json\/wp\/v2\/users\/12"}],"replies":[{"embeddable":true,"href":"https:\/\/fcliege.be\/fr\/wp-json\/wp\/v2\/comments?post=25136"}],"version-history":[{"count":4,"href":"https:\/\/fcliege.be\/fr\/wp-json\/wp\/v2\/posts\/25136\/revisions"}],"predecessor-version":[{"id":25142,"href":"https:\/\/fcliege.be\/fr\/wp-json\/wp\/v2\/posts\/25136\/revisions\/25142"}],"wp:featuredmedia":[{"embeddable":true,"href":"https:\/\/fcliege.be\/fr\/wp-json\/wp\/v2\/media\/25137"}],"wp:attachment":[{"href":"https:\/\/fcliege.be\/fr\/wp-json\/wp\/v2\/media?parent=25136"}],"wp:term":[{"taxonomy":"category","embeddable":true,"href":"https:\/\/fcliege.be\/fr\/wp-json\/wp\/v2\/categories?post=25136"},{"taxonomy":"post_tag","embeddable":true,"href":"https:\/\/fcliege.be\/fr\/wp-json\/wp\/v2\/tags?post=25136"}],"curies":[{"name":"wp","href":"https:\/\/api.w.org\/{rel}","templated":true}]}}