{"id":25237,"date":"2024-09-08T08:00:00","date_gmt":"2024-09-08T06:00:00","guid":{"rendered":"https:\/\/fcliege.be\/fr\/?p=25237"},"modified":"2024-09-07T16:10:19","modified_gmt":"2024-09-07T14:10:19","slug":"interview-la-parole-a-zakaria-atteri-2","status":"publish","type":"post","link":"https:\/\/fcliege.be\/fr\/interview-la-parole-a-zakaria-atteri-2\/","title":{"rendered":"Interview | La parole \u00e0 Zakaria Atteri"},"content":{"rendered":"\n<p><\/p>\n\n\n\n<h4 class=\"wp-block-heading\"><strong>L&rsquo;interview de la semaine en compagnie de Zakaria Atteri<\/strong><\/h4>\n\n\n\n<p><strong>Tu as \u00e9t\u00e9 l\u2019auteur d\u2019une excellente prestation samedi dernier. Qu\u2019en penses-tu ?<\/strong><\/p>\n\n\n\n<p>J\u2019ai pu livrer une belle prestation gr\u00e2ce \u00e0 mes co\u00e9quipiers, car j\u2019\u00e9tais bien aliment\u00e9. C\u2019est avant tout une performance collective, pas seulement individuelle. Et je pense que nous avons bien jou\u00e9, surtout en seconde p\u00e9riode.<\/p>\n\n\n\n<p><strong>Li\u00e8ge n\u2019a marqu\u00e9 qu\u2019un but en 3 matchs. Est-ce une raison de s\u2019inqui\u00e9ter ?<\/strong><\/p>\n\n\n\n<p>Non, pas du tout. Nous nous cr\u00e9ons beaucoup d\u2019occasions. Je pense que c\u2019est juste un manque de r\u00e9ussite en ce moment, mais bient\u00f4t la chance sera de notre c\u00f4t\u00e9 et nous pourrons inscrire plus de buts.<\/p>\n\n\n\n<p><strong>L\u2019\u00e9quipe a livr\u00e9 un tr\u00e8s beau match face \u00e0 Beveren apr\u00e8s deux d\u00e9faites. Cela fait du bien \u00e0 l\u2019\u00e9quipe ?<\/strong><\/p>\n\n\n\n<p>Oui, mentalement \u00e7a nous fait du bien. Cela va nous encourager \u00e0 donner encore plus dans les matchs \u00e0 venir.<\/p>\n\n\n\n<p><strong>Dimanche, Li\u00e8ge affrontera Elsaute avec en ligne de mire la qualification pour les 16\u00e8mes de finale. Comment abordez-vous ce match ?<\/strong><\/p>\n\n\n\n<p>Nous visons toujours la victoire, mais nous savons que nous ne devons pas les prendre \u00e0 la l\u00e9g\u00e8re. C\u2019est la meilleure fa\u00e7on d\u2019\u00e9viter les mauvaises surprises. Nous devrons jouer notre jeu, comme toujours, si nous voulons nous qualifier.<\/p>\n\n\n\n<figure class=\"wp-block-image size-large\"><img decoding=\"async\" loading=\"lazy\" width=\"1024\" height=\"1024\" src=\"https:\/\/fcliege.be\/fr\/wp-content\/uploads\/2024\/09\/atteri-1024x1024.jpg\" alt=\"\" class=\"wp-image-26493\" srcset=\"https:\/\/fcliege.be\/fr\/wp-content\/uploads\/2024\/09\/atteri-1024x1024.jpg 1024w, https:\/\/fcliege.be\/fr\/wp-content\/uploads\/2024\/09\/atteri-300x300.jpg 300w, https:\/\/fcliege.be\/fr\/wp-content\/uploads\/2024\/09\/atteri-150x150.jpg 150w, https:\/\/fcliege.be\/fr\/wp-content\/uploads\/2024\/09\/atteri-768x768.jpg 768w, https:\/\/fcliege.be\/fr\/wp-content\/uploads\/2024\/09\/atteri-1536x1536.jpg 1536w, https:\/\/fcliege.be\/fr\/wp-content\/uploads\/2024\/09\/atteri.jpg 2000w\" sizes=\"(max-width: 1024px) 100vw, 1024px\" \/><\/figure>\n","protected":false},"excerpt":{"rendered":"<p>L&rsquo;interview de la semaine en compagnie de Zakaria Atteri Tu as \u00e9t\u00e9 l\u2019auteur d\u2019une excellente prestation samedi dernier. Qu\u2019en penses-tu ? J\u2019ai pu livrer une belle prestation gr\u00e2ce \u00e0 mes co\u00e9quipiers, car j\u2019\u00e9tais bien aliment\u00e9. C\u2019est avant tout une performance collective, pas seulement individuelle. Et je pense que nous avons bien jou\u00e9, surtout en seconde [&hellip;]<\/p>\n","protected":false},"author":12,"featured_media":26489,"comment_status":"closed","ping_status":"closed","sticky":false,"template":"","format":"standard","meta":{"iawp_total_views":1},"categories":[1,24],"tags":[],"_links":{"self":[{"href":"https:\/\/fcliege.be\/fr\/wp-json\/wp\/v2\/posts\/25237"}],"collection":[{"href":"https:\/\/fcliege.be\/fr\/wp-json\/wp\/v2\/posts"}],"about":[{"href":"https:\/\/fcliege.be\/fr\/wp-json\/wp\/v2\/types\/post"}],"author":[{"embeddable":true,"href":"https:\/\/fcliege.be\/fr\/wp-json\/wp\/v2\/users\/12"}],"replies":[{"embeddable":true,"href":"https:\/\/fcliege.be\/fr\/wp-json\/wp\/v2\/comments?post=25237"}],"version-history":[{"count":6,"href":"https:\/\/fcliege.be\/fr\/wp-json\/wp\/v2\/posts\/25237\/revisions"}],"predecessor-version":[{"id":26495,"href":"https:\/\/fcliege.be\/fr\/wp-json\/wp\/v2\/posts\/25237\/revisions\/26495"}],"wp:featuredmedia":[{"embeddable":true,"href":"https:\/\/fcliege.be\/fr\/wp-json\/wp\/v2\/media\/26489"}],"wp:attachment":[{"href":"https:\/\/fcliege.be\/fr\/wp-json\/wp\/v2\/media?parent=25237"}],"wp:term":[{"taxonomy":"category","embeddable":true,"href":"https:\/\/fcliege.be\/fr\/wp-json\/wp\/v2\/categories?post=25237"},{"taxonomy":"post_tag","embeddable":true,"href":"https:\/\/fcliege.be\/fr\/wp-json\/wp\/v2\/tags?post=25237"}],"curies":[{"name":"wp","href":"https:\/\/api.w.org\/{rel}","templated":true}]}}