{"id":25385,"date":"2024-04-22T18:54:15","date_gmt":"2024-04-22T16:54:15","guid":{"rendered":"https:\/\/fcliege.be\/fr\/?p=25385"},"modified":"2024-09-21T14:29:24","modified_gmt":"2024-09-21T12:29:24","slug":"licence-professionnelle-decisions-de-la-commission-des-licences","status":"publish","type":"post","link":"https:\/\/fcliege.be\/fr\/licence-professionnelle-decisions-de-la-commission-des-licences\/","title":{"rendered":"Licence professionnelle | D\u00e9cisions de la Commission des Licences"},"content":{"rendered":"\n<p><\/p>\n\n\n\n<p><strong>Les d\u00e9cisions ont \u00e9t\u00e9 prononc\u00e9es ce lundi. Le RFCL obtient la licence professionnelle 1B. La d\u00e9cision souligne que le club a parfaitement respect\u00e9 le suivi impos\u00e9 tout au long de la saison et qu\u2019il a respect\u00e9 toutes ses obligations notamment financi\u00e8res.<\/strong><\/p>\n\n\n\n<p>Le RFCL en revanche se voit refuser la licence 1A en raison du d\u00e9passement de la distance de 30 kilom\u00e8tres entre le stade de Rocourt et le Stayen (31,75 km).&nbsp;<\/p>\n\n\n\n<p><a rel=\"noreferrer noopener\" href=\"https:\/\/drupal2018.assets.rbfa.be\/s3fs-public\/reports\/2024-04\/4%20-%20RFC%20Li\u00e8ge.pdf?VersionId=Vz2.0v8SNiVwM_h4bOsMiyu0lumIzH.C&amp;_gl=1*bje8rn*_ga*ODkwNTE5ODE5LjE3MTM4MDA5ODA.*_ga_TE571YZ4VD*MTcxMzgwMDk4MC4xLjEuMTcxMzgwMDk4MS4wLjAuMA..&amp;_ga=2.237213254.715973158.1713800981-890519819.1713800980\" target=\"_blank\">&gt; La d\u00e9cision peut \u00eatre consult\u00e9e ici.<\/a><\/p>\n\n\n\n<p>Pierre <strong>Fran\u00e7ois <\/strong>s\u2019exprime \u00e0 ce sujet :<em>&nbsp;\u00ab Nos arguments pour \u00e9carter cette opposition du Manager des Licences \u00e9taient s\u00e9rieux. La r\u00e8gle des 30 km vise \u00e0 ne pas permettre la promotion d\u2019un club par le jeu d\u2019une fusion ou d\u2019un d\u00e9placement de si\u00e8ge alors que cette promotion n\u2019a pas \u00e9t\u00e9 obtenue sur le terrain. Appliquer ceci \u00e0 la situation du RFCL est absolument contraire \u00e0 l\u2019esprit du texte du R\u00e8glement f\u00e9d\u00e9ral et ce d\u2019autant que le RFCL s\u2019\u00e9tait initialement adress\u00e9 -sans succ\u00e8s- aux deux seuls clubs disposant des installations conformes aux r\u00e8gles de la 1A et situ\u00e9s dans le rayon des 30 kilom\u00e8tres. Nous ne renoncerons pas \u00e0 faire valoir cette argumentation devant la juridiction d\u2019appel pour autant que nous ayons l\u2019int\u00e9r\u00eat l\u00e9gal \u00e0 proc\u00e9der en appel \u00bb<\/em>.<\/p>\n\n\n\n<p>Le Patro Maasmechelen n\u2019a pas obtenu ni la licence 1A ni la licence 1B.&nbsp;<\/p>\n\n\n\n<p>Rappelons que, en vertu du R\u00e8glement f\u00e9d\u00e9ral, &nbsp;pour pouvoir participer aux Promotion Play-Offs un club ne doit pas s\u2019\u00eatre vu refuser la licence 1A&nbsp;<em>\u00ab&nbsp;par une d\u00e9cision d\u00e9finitive&nbsp;\u00bb<\/em>.<\/p>\n\n\n\n<p>Le CEO du Patro a d\u00e9j\u00e0 confirm\u00e9 \u00e0 notre administrateur-d\u00e9l\u00e9gu\u00e9 qu\u2019il introduisait le recours r\u00e9glementaire devant le C-SAR (soit la juridiction arbitrale d\u00e9sign\u00e9e par le R\u00e8glement f\u00e9d\u00e9ral pour conna\u00eetre des appels contre les d\u00e9cisions de la Commission des Licences). La d\u00e9cision de ce jour ne sera donc pas&nbsp;<em>\u00ab&nbsp;d\u00e9finitive&nbsp;\u00bb<\/em>&nbsp;d\u2019ici samedi, date de d\u00e9but des Play-Offs. Ce qui implique que le Patro les disputera.<\/p>\n\n\n\n<p>Ce qui signifie aussi que le RFCL n\u2019a plus&nbsp;<em>\u00ab&nbsp;l\u2019int\u00e9r\u00eat l\u00e9gal&nbsp;\u00bb<\/em>&nbsp;pour introduire son recours. Celui-ci en effet, m\u00eame s\u2019il aboutit, serait sans cons\u00e9quence puisque le club ne pourrait a posteriori disputer les Play-Offs.<\/p>\n\n\n\n<p>Pour \u00eatre complets, soulignons que les clubs des Francs Borains et du KVO n\u2019ont pas obtenu non plus la licence 1B.<\/p>\n","protected":false},"excerpt":{"rendered":"<p>Les d\u00e9cisions ont \u00e9t\u00e9 prononc\u00e9es ce lundi. Le RFCL obtient la licence professionnelle 1B. La d\u00e9cision souligne que le club a parfaitement respect\u00e9 le suivi impos\u00e9 tout au long de la saison et qu\u2019il a respect\u00e9 toutes ses obligations notamment financi\u00e8res. Le RFCL en revanche se voit refuser la licence 1A en raison du d\u00e9passement [&hellip;]<\/p>\n","protected":false},"author":13,"featured_media":0,"comment_status":"closed","ping_status":"closed","sticky":false,"template":"","format":"standard","meta":{"iawp_total_views":18},"categories":[1,24],"tags":[],"_links":{"self":[{"href":"https:\/\/fcliege.be\/fr\/wp-json\/wp\/v2\/posts\/25385"}],"collection":[{"href":"https:\/\/fcliege.be\/fr\/wp-json\/wp\/v2\/posts"}],"about":[{"href":"https:\/\/fcliege.be\/fr\/wp-json\/wp\/v2\/types\/post"}],"author":[{"embeddable":true,"href":"https:\/\/fcliege.be\/fr\/wp-json\/wp\/v2\/users\/13"}],"replies":[{"embeddable":true,"href":"https:\/\/fcliege.be\/fr\/wp-json\/wp\/v2\/comments?post=25385"}],"version-history":[{"count":4,"href":"https:\/\/fcliege.be\/fr\/wp-json\/wp\/v2\/posts\/25385\/revisions"}],"predecessor-version":[{"id":25393,"href":"https:\/\/fcliege.be\/fr\/wp-json\/wp\/v2\/posts\/25385\/revisions\/25393"}],"wp:attachment":[{"href":"https:\/\/fcliege.be\/fr\/wp-json\/wp\/v2\/media?parent=25385"}],"wp:term":[{"taxonomy":"category","embeddable":true,"href":"https:\/\/fcliege.be\/fr\/wp-json\/wp\/v2\/categories?post=25385"},{"taxonomy":"post_tag","embeddable":true,"href":"https:\/\/fcliege.be\/fr\/wp-json\/wp\/v2\/tags?post=25385"}],"curies":[{"name":"wp","href":"https:\/\/api.w.org\/{rel}","templated":true}]}}