{"id":25458,"date":"2024-04-26T10:58:32","date_gmt":"2024-04-26T08:58:32","guid":{"rendered":"https:\/\/fcliege.be\/fr\/?p=25458"},"modified":"2024-04-26T10:58:32","modified_gmt":"2024-04-26T08:58:32","slug":"maximum-nouveau-partenaire","status":"publish","type":"post","link":"https:\/\/fcliege.be\/fr\/maximum-nouveau-partenaire\/","title":{"rendered":"Maximum nouveau partenaire !"},"content":{"rendered":"\n<p><\/p>\n\n\n\n<h4 class=\"wp-block-heading\"><strong>Maximum la premi\u00e8re radio provinciale en Belgique Francophone, renforce sa proximit\u00e9 avec la famille Sang et Marine.<\/strong><\/h4>\n\n\n\n<p>D\u00e9j\u00e0 partenaire des <strong>Li\u00e8ge Panthers<\/strong> et du <strong>RSW Li\u00e8ge Basket<\/strong>, la radio sera d\u00e8s la saison prochaine le nouveau partenaire officiel du RFC Li\u00e8ge. Une belle collaboration entre deux acteurs importants du paysage li\u00e9geois.<\/p>\n\n\n\n<p><strong>Maximum <\/strong>soutiendra activement le RFC Li\u00e8ge par des campagnes pour ses rencontres \u00e0 domicile. Et lancera d\u00e8s la rentr\u00e9e 2024 un tout nouveau rendez-vous \u00ab\u00a0Allons Li\u00e8ge !\u00a0\u00bb une capsule de pr\u00e9sentation sur le match du week-end et sur l&rsquo;actu du club en collaboration avec la r\u00e9daction sportive du journal La Meuse.<\/p>\n\n\n\n<p><em>\u00ab\u00a0Le RFC Li\u00e8ge est tr\u00e8s heureux de pouvoir initier ce partenariat avec la radio qui ne cesse d\u2019augmenter son audience en Province de Li\u00e8ge. Le magazine \u00ab Allons Li\u00e8ge ! \u00bb pourra ainsi se d\u00e9cliner en version papier, en t\u00e9l\u00e9vision mais dor\u00e9navant aussi en radio\u00a0\u00bb<\/em>, se r\u00e9jouit <strong>Pierre Fran\u00e7ois<\/strong>, administrateur-d\u00e9l\u00e9gu\u00e9 du RFCL.<\/p>\n","protected":false},"excerpt":{"rendered":"<p>Maximum la premi\u00e8re radio provinciale en Belgique Francophone, renforce sa proximit\u00e9 avec la famille Sang et Marine. D\u00e9j\u00e0 partenaire des Li\u00e8ge Panthers et du RSW Li\u00e8ge Basket, la radio sera d\u00e8s la saison prochaine le nouveau partenaire officiel du RFC Li\u00e8ge. Une belle collaboration entre deux acteurs importants du paysage li\u00e9geois. Maximum soutiendra activement le [&hellip;]<\/p>\n","protected":false},"author":12,"featured_media":25461,"comment_status":"closed","ping_status":"closed","sticky":false,"template":"","format":"standard","meta":{"iawp_total_views":1},"categories":[1,24],"tags":[],"_links":{"self":[{"href":"https:\/\/fcliege.be\/fr\/wp-json\/wp\/v2\/posts\/25458"}],"collection":[{"href":"https:\/\/fcliege.be\/fr\/wp-json\/wp\/v2\/posts"}],"about":[{"href":"https:\/\/fcliege.be\/fr\/wp-json\/wp\/v2\/types\/post"}],"author":[{"embeddable":true,"href":"https:\/\/fcliege.be\/fr\/wp-json\/wp\/v2\/users\/12"}],"replies":[{"embeddable":true,"href":"https:\/\/fcliege.be\/fr\/wp-json\/wp\/v2\/comments?post=25458"}],"version-history":[{"count":3,"href":"https:\/\/fcliege.be\/fr\/wp-json\/wp\/v2\/posts\/25458\/revisions"}],"predecessor-version":[{"id":25462,"href":"https:\/\/fcliege.be\/fr\/wp-json\/wp\/v2\/posts\/25458\/revisions\/25462"}],"wp:featuredmedia":[{"embeddable":true,"href":"https:\/\/fcliege.be\/fr\/wp-json\/wp\/v2\/media\/25461"}],"wp:attachment":[{"href":"https:\/\/fcliege.be\/fr\/wp-json\/wp\/v2\/media?parent=25458"}],"wp:term":[{"taxonomy":"category","embeddable":true,"href":"https:\/\/fcliege.be\/fr\/wp-json\/wp\/v2\/categories?post=25458"},{"taxonomy":"post_tag","embeddable":true,"href":"https:\/\/fcliege.be\/fr\/wp-json\/wp\/v2\/tags?post=25458"}],"curies":[{"name":"wp","href":"https:\/\/api.w.org\/{rel}","templated":true}]}}