{"id":25582,"date":"2024-05-17T15:30:03","date_gmt":"2024-05-17T13:30:03","guid":{"rendered":"https:\/\/fcliege.be\/fr\/?p=25582"},"modified":"2024-05-17T15:30:04","modified_gmt":"2024-05-17T13:30:04","slug":"2024-2025-lucca-lucker-prolonge","status":"publish","type":"post","link":"https:\/\/fcliege.be\/fr\/2024-2025-lucca-lucker-prolonge\/","title":{"rendered":"2024-2025 | Lucca Lucker prolonge"},"content":{"rendered":"\n<p><\/p>\n\n\n\n<h4 class=\"wp-block-heading\"><strong>Le club avait lev\u00e9 l\u2019option d\u2019un an mais a pr\u00e9f\u00e9r\u00e9 signer avec Lucca Lucker un contrat pour les deux prochaines saisons.<\/strong><\/h4>\n\n\n\n<p><em>\u00ab\u00a0Lucca a montr\u00e9 durant cette saison qu\u2019il pouvait \u00e9voluer sur tout le flanc gauche ainsi qu\u2019au poste de d\u00e9fenseur central. Sa polyvalence et sa mentalit\u00e9 sont des atouts pr\u00e9cieux pour l\u2019\u00e9quipe et il est clair qu\u2019il a une marge de progression. A lui de le d\u00e9montrer durant la dur\u00e9e de son nouveau contrat\u00a0\u00bb<\/em>, souligne <strong>Ga\u00ebtan Englebert<\/strong>.<\/p>\n\n\n\n<p>F\u00e9licitations \u00e0 Lucca !<\/p>\n","protected":false},"excerpt":{"rendered":"<p>Le club avait lev\u00e9 l\u2019option d\u2019un an mais a pr\u00e9f\u00e9r\u00e9 signer avec Lucca Lucker un contrat pour les deux prochaines saisons. \u00ab\u00a0Lucca a montr\u00e9 durant cette saison qu\u2019il pouvait \u00e9voluer sur tout le flanc gauche ainsi qu\u2019au poste de d\u00e9fenseur central. Sa polyvalence et sa mentalit\u00e9 sont des atouts pr\u00e9cieux pour l\u2019\u00e9quipe et il est [&hellip;]<\/p>\n","protected":false},"author":12,"featured_media":25585,"comment_status":"closed","ping_status":"closed","sticky":false,"template":"","format":"standard","meta":{"iawp_total_views":5},"categories":[24,26],"tags":[],"_links":{"self":[{"href":"https:\/\/fcliege.be\/fr\/wp-json\/wp\/v2\/posts\/25582"}],"collection":[{"href":"https:\/\/fcliege.be\/fr\/wp-json\/wp\/v2\/posts"}],"about":[{"href":"https:\/\/fcliege.be\/fr\/wp-json\/wp\/v2\/types\/post"}],"author":[{"embeddable":true,"href":"https:\/\/fcliege.be\/fr\/wp-json\/wp\/v2\/users\/12"}],"replies":[{"embeddable":true,"href":"https:\/\/fcliege.be\/fr\/wp-json\/wp\/v2\/comments?post=25582"}],"version-history":[{"count":4,"href":"https:\/\/fcliege.be\/fr\/wp-json\/wp\/v2\/posts\/25582\/revisions"}],"predecessor-version":[{"id":25587,"href":"https:\/\/fcliege.be\/fr\/wp-json\/wp\/v2\/posts\/25582\/revisions\/25587"}],"wp:featuredmedia":[{"embeddable":true,"href":"https:\/\/fcliege.be\/fr\/wp-json\/wp\/v2\/media\/25585"}],"wp:attachment":[{"href":"https:\/\/fcliege.be\/fr\/wp-json\/wp\/v2\/media?parent=25582"}],"wp:term":[{"taxonomy":"category","embeddable":true,"href":"https:\/\/fcliege.be\/fr\/wp-json\/wp\/v2\/categories?post=25582"},{"taxonomy":"post_tag","embeddable":true,"href":"https:\/\/fcliege.be\/fr\/wp-json\/wp\/v2\/tags?post=25582"}],"curies":[{"name":"wp","href":"https:\/\/api.w.org\/{rel}","templated":true}]}}