{"id":25588,"date":"2024-05-17T17:00:00","date_gmt":"2024-05-17T15:00:00","guid":{"rendered":"https:\/\/fcliege.be\/fr\/?p=25588"},"modified":"2024-05-17T15:46:53","modified_gmt":"2024-05-17T13:46:53","slug":"2024-2025-joshua-mpenza-1er-contrat-pro","status":"publish","type":"post","link":"https:\/\/fcliege.be\/fr\/2024-2025-joshua-mpenza-1er-contrat-pro\/","title":{"rendered":"2024-2025 | Joshua Mpenza 1er contrat pro"},"content":{"rendered":"\n<p><\/p>\n\n\n\n<h4 class=\"wp-block-heading\"><strong>Joshua Mpenza a sign\u00e9 son 1er contrat de joueur pro ce 17 mai.<\/strong><\/h4>\n\n\n\n<p>Le RFCL fait confiance \u00e0 son jeune gardien en lui proposant un contrat de deux saisons.<\/p>\n\n\n\n<p><em>\u00ab\u00a0Joshua a bien progress\u00e9 durant sa premi\u00e8re saison au sein du noyau pro. Il a une importante marge de progression et doit d\u00e8s lors \u00eatre pr\u00eat \u00e0 venir concurrencer nos autres gardiens pour la place de n\u00b01.\u00a0\u00bb<\/em> souligne <strong>Ga\u00ebtan Englebert<\/strong>.<\/p>\n\n\n\n<p>Joshua n\u2019a pas cach\u00e9 son bonheur et se dit pr\u00eat \u00e0 relever ce challenge important pour l\u2019\u00e9volution de sa carri\u00e8re.<\/p>\n","protected":false},"excerpt":{"rendered":"<p>Joshua Mpenza a sign\u00e9 son 1er contrat de joueur pro ce 17 mai. Le RFCL fait confiance \u00e0 son jeune gardien en lui proposant un contrat de deux saisons. \u00ab\u00a0Joshua a bien progress\u00e9 durant sa premi\u00e8re saison au sein du noyau pro. Il a une importante marge de progression et doit d\u00e8s lors \u00eatre pr\u00eat [&hellip;]<\/p>\n","protected":false},"author":12,"featured_media":25591,"comment_status":"closed","ping_status":"closed","sticky":false,"template":"","format":"standard","meta":{"iawp_total_views":14},"categories":[24,26],"tags":[],"_links":{"self":[{"href":"https:\/\/fcliege.be\/fr\/wp-json\/wp\/v2\/posts\/25588"}],"collection":[{"href":"https:\/\/fcliege.be\/fr\/wp-json\/wp\/v2\/posts"}],"about":[{"href":"https:\/\/fcliege.be\/fr\/wp-json\/wp\/v2\/types\/post"}],"author":[{"embeddable":true,"href":"https:\/\/fcliege.be\/fr\/wp-json\/wp\/v2\/users\/12"}],"replies":[{"embeddable":true,"href":"https:\/\/fcliege.be\/fr\/wp-json\/wp\/v2\/comments?post=25588"}],"version-history":[{"count":3,"href":"https:\/\/fcliege.be\/fr\/wp-json\/wp\/v2\/posts\/25588\/revisions"}],"predecessor-version":[{"id":25592,"href":"https:\/\/fcliege.be\/fr\/wp-json\/wp\/v2\/posts\/25588\/revisions\/25592"}],"wp:featuredmedia":[{"embeddable":true,"href":"https:\/\/fcliege.be\/fr\/wp-json\/wp\/v2\/media\/25591"}],"wp:attachment":[{"href":"https:\/\/fcliege.be\/fr\/wp-json\/wp\/v2\/media?parent=25588"}],"wp:term":[{"taxonomy":"category","embeddable":true,"href":"https:\/\/fcliege.be\/fr\/wp-json\/wp\/v2\/categories?post=25588"},{"taxonomy":"post_tag","embeddable":true,"href":"https:\/\/fcliege.be\/fr\/wp-json\/wp\/v2\/tags?post=25588"}],"curies":[{"name":"wp","href":"https:\/\/api.w.org\/{rel}","templated":true}]}}