{"id":25615,"date":"2024-05-27T13:51:43","date_gmt":"2024-05-27T11:51:43","guid":{"rendered":"https:\/\/fcliege.be\/fr\/?p=25615"},"modified":"2024-05-27T13:54:04","modified_gmt":"2024-05-27T11:54:04","slug":"rfcl-younited-avec-neba-malbasa","status":"publish","type":"post","link":"https:\/\/fcliege.be\/fr\/rfcl-younited-avec-neba-malbasa\/","title":{"rendered":"RFCL Younited : avec Neba Malbasa"},"content":{"rendered":"\n<p><\/p>\n\n\n\n<h4 class=\"wp-block-heading\"><strong>En collaboration avec le Fan Coaching de la Ville de Li\u00e8ge, le Centre de la Croix-Rouge et Younited Belgium, le RFC Li\u00e9geois a d\u00e9cid\u00e9 dans le cadre de ses actions sociales d\u2019accueillir au sein de sa section f\u00e9minine une \u00e9quipe RFCL Younited.<\/strong><\/h4>\n\n\n\n<p><em>\u00ab\u00a0Plusieurs clubs de la Pro League soutiennent une \u00e9quipe masculine Younited. Nous avons souhait\u00e9 que cette magnifique initiative soit chez nous orient\u00e9e en faveur de jeunes femmes pour la plupart h\u00e9berg\u00e9es provisoirement au Centre de la Croix-Rouge de Rocourt. Gr\u00e2ce \u00e0 la pratique du football, elles vont avoir l\u2019opportunit\u00e9 de rencontrer d\u2019autres personnes et elles s&rsquo;imposeront une discipline qui les aideront dans leur parcours de vie. Elles nous transmettent surtout un beau message de courage, de dignit\u00e9 et de partage\u00a0\u00bb<\/em>, expose <strong>Dominique Fran\u00e7ois<\/strong>, Football Social Responsability du RFC Li\u00e8ge.<\/p>\n\n\n\n<p>Les entrainements ont d\u00e9but\u00e9 il y a plusieurs semaines. Une dizaine de joueuses ont rendez-vous tous les mardis matins et l\u2019on constate chaque semaine que le groupe grandit. Elle \u00e9taient 15 lors du dernier entrainement.<\/p>\n\n\n\n<p>Leur entraineur <strong>David Legros<\/strong> vient par ailleurs de recevoir un soutien extraordinaire. Il sera \u00e9paul\u00e9 dans sa t\u00e2che par <strong>Neba Malbasa<\/strong> lequel a prodigu\u00e9 mardi dernier ses premiers conseils pour le plus grand bonheur des joueuses tr\u00e8s attentives. Malbasa, c&rsquo;est plus de 150 matchs en tant qu&rsquo;attaquant Sang &amp; Marine, la Coupe de Belgique, la Coupe d&rsquo;Europe, &#8230; une ic\u00f4ne du club !<\/p>\n\n\n\n<p>L\u2019\u00e9quipe RFC Li\u00e8ge Younited devrait \u00eatre pr\u00eate pour son premier tournoi programm\u00e9 le 13 juin \u00e0 Tubize !<\/p>\n\n\n\n<figure class=\"wp-block-gallery has-nested-images columns-default is-cropped wp-block-gallery-1 is-layout-flex\">\n<figure class=\"wp-block-image\"><img decoding=\"async\" loading=\"lazy\" width=\"2560\" height=\"1707\" data-id=\"25628\"  src=\"https:\/\/fcliege.be\/fr\/wp-content\/uploads\/2024\/05\/20240521_Younited-Ladies-RFC-LIEGE-1857-scaled.jpg\" alt=\"\" class=\"wp-image-25628\" srcset=\"https:\/\/fcliege.be\/fr\/wp-content\/uploads\/2024\/05\/20240521_Younited-Ladies-RFC-LIEGE-1857-scaled.jpg 2560w, https:\/\/fcliege.be\/fr\/wp-content\/uploads\/2024\/05\/20240521_Younited-Ladies-RFC-LIEGE-1857-300x200.jpg 300w, https:\/\/fcliege.be\/fr\/wp-content\/uploads\/2024\/05\/20240521_Younited-Ladies-RFC-LIEGE-1857-1024x683.jpg 1024w, https:\/\/fcliege.be\/fr\/wp-content\/uploads\/2024\/05\/20240521_Younited-Ladies-RFC-LIEGE-1857-768x512.jpg 768w\" sizes=\"(max-width: 2560px) 100vw, 2560px\" \/><\/figure>\n\n\n\n<figure class=\"wp-block-image\"><img decoding=\"async\" loading=\"lazy\" width=\"2560\" height=\"1707\" data-id=\"25623\"  src=\"https:\/\/fcliege.be\/fr\/wp-content\/uploads\/2024\/05\/20240521_Younited-Ladies-RFC-LIEGE-1943-1-scaled.jpg\" alt=\"\" class=\"wp-image-25623\" srcset=\"https:\/\/fcliege.be\/fr\/wp-content\/uploads\/2024\/05\/20240521_Younited-Ladies-RFC-LIEGE-1943-1-scaled.jpg 2560w, https:\/\/fcliege.be\/fr\/wp-content\/uploads\/2024\/05\/20240521_Younited-Ladies-RFC-LIEGE-1943-1-300x200.jpg 300w, https:\/\/fcliege.be\/fr\/wp-content\/uploads\/2024\/05\/20240521_Younited-Ladies-RFC-LIEGE-1943-1-1024x683.jpg 1024w, https:\/\/fcliege.be\/fr\/wp-content\/uploads\/2024\/05\/20240521_Younited-Ladies-RFC-LIEGE-1943-1-768x512.jpg 768w\" sizes=\"(max-width: 2560px) 100vw, 2560px\" \/><\/figure>\n<\/figure>\n","protected":false},"excerpt":{"rendered":"<p>En collaboration avec le Fan Coaching de la Ville de Li\u00e8ge, le Centre de la Croix-Rouge et Younited Belgium, le RFC Li\u00e9geois a d\u00e9cid\u00e9 dans le cadre de ses actions sociales d\u2019accueillir au sein de sa section f\u00e9minine une \u00e9quipe RFCL Younited. \u00ab\u00a0Plusieurs clubs de la Pro League soutiennent une \u00e9quipe masculine Younited. Nous avons [&hellip;]<\/p>\n","protected":false},"author":12,"featured_media":25616,"comment_status":"closed","ping_status":"closed","sticky":false,"template":"","format":"standard","meta":{"iawp_total_views":11},"categories":[1,24],"tags":[],"_links":{"self":[{"href":"https:\/\/fcliege.be\/fr\/wp-json\/wp\/v2\/posts\/25615"}],"collection":[{"href":"https:\/\/fcliege.be\/fr\/wp-json\/wp\/v2\/posts"}],"about":[{"href":"https:\/\/fcliege.be\/fr\/wp-json\/wp\/v2\/types\/post"}],"author":[{"embeddable":true,"href":"https:\/\/fcliege.be\/fr\/wp-json\/wp\/v2\/users\/12"}],"replies":[{"embeddable":true,"href":"https:\/\/fcliege.be\/fr\/wp-json\/wp\/v2\/comments?post=25615"}],"version-history":[{"count":6,"href":"https:\/\/fcliege.be\/fr\/wp-json\/wp\/v2\/posts\/25615\/revisions"}],"predecessor-version":[{"id":25629,"href":"https:\/\/fcliege.be\/fr\/wp-json\/wp\/v2\/posts\/25615\/revisions\/25629"}],"wp:featuredmedia":[{"embeddable":true,"href":"https:\/\/fcliege.be\/fr\/wp-json\/wp\/v2\/media\/25616"}],"wp:attachment":[{"href":"https:\/\/fcliege.be\/fr\/wp-json\/wp\/v2\/media?parent=25615"}],"wp:term":[{"taxonomy":"category","embeddable":true,"href":"https:\/\/fcliege.be\/fr\/wp-json\/wp\/v2\/categories?post=25615"},{"taxonomy":"post_tag","embeddable":true,"href":"https:\/\/fcliege.be\/fr\/wp-json\/wp\/v2\/tags?post=25615"}],"curies":[{"name":"wp","href":"https:\/\/api.w.org\/{rel}","templated":true}]}}