{"id":25630,"date":"2024-05-31T10:54:57","date_gmt":"2024-05-31T08:54:57","guid":{"rendered":"https:\/\/fcliege.be\/fr\/?p=25630"},"modified":"2024-05-31T10:56:22","modified_gmt":"2024-05-31T08:56:22","slug":"staff-prolongation-de-contrat","status":"publish","type":"post","link":"https:\/\/fcliege.be\/fr\/staff-prolongation-de-contrat\/","title":{"rendered":"Staff | Prolongations de contrat"},"content":{"rendered":"\n<p><\/p>\n\n\n\n<h4 class=\"wp-block-heading\"><strong>Ga\u00ebtan Englebert prolonge son contrat avec le RFC Li\u00e8ge pour une dur\u00e9e de trois ans.<\/strong><\/h4>\n\n\n\n<p>Ses adjoints, <strong>\u00c9ric Deflandre<\/strong> et <strong>Pierre Drouguet<\/strong>, renouvellent \u00e9galement leurs engagements pour la m\u00eame p\u00e9riode. Les discussions avec le pr\u00e9parateur physique sont toujours en cours.<\/p>\n\n\n\n<p><strong>Pierre Fran\u00e7ois<\/strong> et <strong>Ga\u00ebtan Englebert<\/strong> tiendront une conf\u00e9rence de presse le lundi 10 juin lors de la reprise des entra\u00eenements<\/p>\n","protected":false},"excerpt":{"rendered":"<p>Ga\u00ebtan Englebert prolonge son contrat avec le RFC Li\u00e8ge pour une dur\u00e9e de trois ans. Ses adjoints, \u00c9ric Deflandre et Pierre Drouguet, renouvellent \u00e9galement leurs engagements pour la m\u00eame p\u00e9riode. Les discussions avec le pr\u00e9parateur physique sont toujours en cours. Pierre Fran\u00e7ois et Ga\u00ebtan Englebert tiendront une conf\u00e9rence de presse le lundi 10 juin lors [&hellip;]<\/p>\n","protected":false},"author":12,"featured_media":25631,"comment_status":"closed","ping_status":"closed","sticky":false,"template":"","format":"standard","meta":{"iawp_total_views":3},"categories":[24,26],"tags":[],"_links":{"self":[{"href":"https:\/\/fcliege.be\/fr\/wp-json\/wp\/v2\/posts\/25630"}],"collection":[{"href":"https:\/\/fcliege.be\/fr\/wp-json\/wp\/v2\/posts"}],"about":[{"href":"https:\/\/fcliege.be\/fr\/wp-json\/wp\/v2\/types\/post"}],"author":[{"embeddable":true,"href":"https:\/\/fcliege.be\/fr\/wp-json\/wp\/v2\/users\/12"}],"replies":[{"embeddable":true,"href":"https:\/\/fcliege.be\/fr\/wp-json\/wp\/v2\/comments?post=25630"}],"version-history":[{"count":3,"href":"https:\/\/fcliege.be\/fr\/wp-json\/wp\/v2\/posts\/25630\/revisions"}],"predecessor-version":[{"id":25634,"href":"https:\/\/fcliege.be\/fr\/wp-json\/wp\/v2\/posts\/25630\/revisions\/25634"}],"wp:featuredmedia":[{"embeddable":true,"href":"https:\/\/fcliege.be\/fr\/wp-json\/wp\/v2\/media\/25631"}],"wp:attachment":[{"href":"https:\/\/fcliege.be\/fr\/wp-json\/wp\/v2\/media?parent=25630"}],"wp:term":[{"taxonomy":"category","embeddable":true,"href":"https:\/\/fcliege.be\/fr\/wp-json\/wp\/v2\/categories?post=25630"},{"taxonomy":"post_tag","embeddable":true,"href":"https:\/\/fcliege.be\/fr\/wp-json\/wp\/v2\/tags?post=25630"}],"curies":[{"name":"wp","href":"https:\/\/api.w.org\/{rel}","templated":true}]}}