{"id":25905,"date":"2024-07-19T08:00:00","date_gmt":"2024-07-19T06:00:00","guid":{"rendered":"https:\/\/fcliege.be\/fr\/?p=25905"},"modified":"2024-07-23T23:40:48","modified_gmt":"2024-07-23T21:40:48","slug":"amical-rcs-verlaine-rfcl-20-07","status":"publish","type":"post","link":"https:\/\/fcliege.be\/fr\/amical-rcs-verlaine-rfcl-20-07\/","title":{"rendered":"Amical | RCS Verlaine-RFCL (20\/07)"},"content":{"rendered":"\n<p><\/p>\n\n\n\n<h4 class=\"wp-block-heading\"><strong>Le RFCL se d\u00e9placera au RCS Verlaine le samedi 20 juillet \u00e0 17h.<\/strong><\/h4>\n\n\n\n<p>A cette occasion, les deux clubs ont souhait\u00e9 s\u2019associer pour que cette rencontre soit plac\u00e9e sous le signe du respect, du fair-play et de la lutte contre toute forme de discrimination ou de violence, dans le cadre de l\u2019op\u00e9ration <em>\u00ab\u00a0Come Together\u00a0\u00bb<\/em> mise en place depuis 2021 par l\u2019ACFF.<\/p>\n\n\n\n<p>Cette action est r\u00e9alis\u00e9e en association avec l&rsquo;ACFF, qui a lanc\u00e9 un grand plan d&rsquo;actions sociales baptis\u00e9 <em>\u00ab\u00a0Gagnons du Terrain\u00a0\u00bb<\/em>, reposant sur cinq piliers : citoyennet\u00e9, inclusion, environnement, sant\u00e9 et proximit\u00e9.<\/p>\n\n\n\n<p>Dans ce contexte, les drapeaux des points de corner et les brassards des deux capitaines porteront le logo de l\u2019op\u00e9ration et les deux \u00e9quipes poseront ensemble avant la rencontre, en d\u00e9ployant une banderole <em>\u00ab\u00a0Come Together\u00a0\u00bb<\/em>.<\/p>\n\n\n\n<p>Par ce biais, nous souhaitons plus que jamais sensibiliser tous les acteurs du ballon rond, des supporters aux joueurs, de 7 \u00e0 77 ans, \u00e0 l\u2019importance des valeurs de tol\u00e9rance et de respect dans notre soci\u00e9t\u00e9 en g\u00e9n\u00e9ral et dans le cadre du football en particulier.<\/p>\n\n\n\n<p><strong>Les directions du RCS VERLAINE et du RFC LIEGE<\/strong><\/p>\n\n\n\n<p>Prix du ticket : 10 euros. Bar ext\u00e9rieur et petite restauration.<\/p>\n\n\n\n<figure class=\"wp-block-image size-full\"><img decoding=\"async\" loading=\"lazy\" width=\"940\" height=\"788\" src=\"https:\/\/fcliege.be\/fr\/wp-content\/uploads\/2024\/07\/verlainerfcl.png\" alt=\"\" class=\"wp-image-25961\" srcset=\"https:\/\/fcliege.be\/fr\/wp-content\/uploads\/2024\/07\/verlainerfcl.png 940w, https:\/\/fcliege.be\/fr\/wp-content\/uploads\/2024\/07\/verlainerfcl-300x251.png 300w, https:\/\/fcliege.be\/fr\/wp-content\/uploads\/2024\/07\/verlainerfcl-768x644.png 768w\" sizes=\"(max-width: 940px) 100vw, 940px\" \/><\/figure>\n","protected":false},"excerpt":{"rendered":"<p>Le RFCL se d\u00e9placera au RCS Verlaine le samedi 20 juillet \u00e0 17h. A cette occasion, les deux clubs ont souhait\u00e9 s\u2019associer pour que cette rencontre soit plac\u00e9e sous le signe du respect, du fair-play et de la lutte contre toute forme de discrimination ou de violence, dans le cadre de l\u2019op\u00e9ration \u00ab\u00a0Come Together\u00a0\u00bb mise [&hellip;]<\/p>\n","protected":false},"author":12,"featured_media":25906,"comment_status":"closed","ping_status":"closed","sticky":false,"template":"","format":"standard","meta":{"iawp_total_views":0},"categories":[25],"tags":[],"_links":{"self":[{"href":"https:\/\/fcliege.be\/fr\/wp-json\/wp\/v2\/posts\/25905"}],"collection":[{"href":"https:\/\/fcliege.be\/fr\/wp-json\/wp\/v2\/posts"}],"about":[{"href":"https:\/\/fcliege.be\/fr\/wp-json\/wp\/v2\/types\/post"}],"author":[{"embeddable":true,"href":"https:\/\/fcliege.be\/fr\/wp-json\/wp\/v2\/users\/12"}],"replies":[{"embeddable":true,"href":"https:\/\/fcliege.be\/fr\/wp-json\/wp\/v2\/comments?post=25905"}],"version-history":[{"count":3,"href":"https:\/\/fcliege.be\/fr\/wp-json\/wp\/v2\/posts\/25905\/revisions"}],"predecessor-version":[{"id":25962,"href":"https:\/\/fcliege.be\/fr\/wp-json\/wp\/v2\/posts\/25905\/revisions\/25962"}],"wp:featuredmedia":[{"embeddable":true,"href":"https:\/\/fcliege.be\/fr\/wp-json\/wp\/v2\/media\/25906"}],"wp:attachment":[{"href":"https:\/\/fcliege.be\/fr\/wp-json\/wp\/v2\/media?parent=25905"}],"wp:term":[{"taxonomy":"category","embeddable":true,"href":"https:\/\/fcliege.be\/fr\/wp-json\/wp\/v2\/categories?post=25905"},{"taxonomy":"post_tag","embeddable":true,"href":"https:\/\/fcliege.be\/fr\/wp-json\/wp\/v2\/tags?post=25905"}],"curies":[{"name":"wp","href":"https:\/\/api.w.org\/{rel}","templated":true}]}}