{"id":25934,"date":"2024-09-19T09:00:00","date_gmt":"2024-09-19T07:00:00","guid":{"rendered":"https:\/\/fcliege.be\/fr\/?p=25934"},"modified":"2024-09-11T19:15:33","modified_gmt":"2024-09-11T17:15:33","slug":"business-club-1892-avec-w-niessen-29-10","status":"publish","type":"post","link":"https:\/\/fcliege.be\/fr\/business-club-1892-avec-w-niessen-29-10\/","title":{"rendered":"Business Club 1892 avec W. Niessen (29\/10)"},"content":{"rendered":"\n<p><\/p>\n\n\n\n<h4 class=\"wp-block-heading\"><strong>Le RFC Li\u00e8ge tiendra son prochain Business Club le 29 octobre d\u00e8s 19h.<\/strong><\/h4>\n\n\n\n<p>Il se d\u00e9roulera dans l&rsquo;Espace Waseige du stade de Rocourt, rue de la Tonne 80 \u00e0 Li\u00e8ge. <strong>Wilfried Niessen<\/strong>, Directeur g\u00e9n\u00e9ral et Doyen de HEC ULi\u00e8ge, donnera une conf\u00e9rence sur le th\u00e8me suivant : <em>\u00ab\u00a0Impact d\u2019une Business School sur sa region\u00a0\u00bb<\/em>.<\/p>\n\n\n\n<p><strong>Le prix du business club et de son repas ?<\/strong> 100 \u20ac TTC par personne<\/p>\n\n\n\n<p><strong>R\u00e9servations pour le 23 octobre \u00e0 17h au plus tard : <\/strong><a href=\"mailto:ap@fcliege.be\">ap@fcliege.be<\/a> ou 0473 717110<\/p>\n","protected":false},"excerpt":{"rendered":"<p>Le RFC Li\u00e8ge tiendra son prochain Business Club le 29 octobre d\u00e8s 19h. Il se d\u00e9roulera dans l&rsquo;Espace Waseige du stade de Rocourt, rue de la Tonne 80 \u00e0 Li\u00e8ge. Wilfried Niessen, Directeur g\u00e9n\u00e9ral et Doyen de HEC ULi\u00e8ge, donnera une conf\u00e9rence sur le th\u00e8me suivant : \u00ab\u00a0Impact d\u2019une Business School sur sa region\u00a0\u00bb. Le [&hellip;]<\/p>\n","protected":false},"author":12,"featured_media":26403,"comment_status":"closed","ping_status":"closed","sticky":false,"template":"","format":"standard","meta":{"iawp_total_views":6},"categories":[25,24,31],"tags":[],"_links":{"self":[{"href":"https:\/\/fcliege.be\/fr\/wp-json\/wp\/v2\/posts\/25934"}],"collection":[{"href":"https:\/\/fcliege.be\/fr\/wp-json\/wp\/v2\/posts"}],"about":[{"href":"https:\/\/fcliege.be\/fr\/wp-json\/wp\/v2\/types\/post"}],"author":[{"embeddable":true,"href":"https:\/\/fcliege.be\/fr\/wp-json\/wp\/v2\/users\/12"}],"replies":[{"embeddable":true,"href":"https:\/\/fcliege.be\/fr\/wp-json\/wp\/v2\/comments?post=25934"}],"version-history":[{"count":6,"href":"https:\/\/fcliege.be\/fr\/wp-json\/wp\/v2\/posts\/25934\/revisions"}],"predecessor-version":[{"id":28246,"href":"https:\/\/fcliege.be\/fr\/wp-json\/wp\/v2\/posts\/25934\/revisions\/28246"}],"wp:featuredmedia":[{"embeddable":true,"href":"https:\/\/fcliege.be\/fr\/wp-json\/wp\/v2\/media\/26403"}],"wp:attachment":[{"href":"https:\/\/fcliege.be\/fr\/wp-json\/wp\/v2\/media?parent=25934"}],"wp:term":[{"taxonomy":"category","embeddable":true,"href":"https:\/\/fcliege.be\/fr\/wp-json\/wp\/v2\/categories?post=25934"},{"taxonomy":"post_tag","embeddable":true,"href":"https:\/\/fcliege.be\/fr\/wp-json\/wp\/v2\/tags?post=25934"}],"curies":[{"name":"wp","href":"https:\/\/api.w.org\/{rel}","templated":true}]}}