{"id":25942,"date":"2024-07-12T18:33:30","date_gmt":"2024-07-12T16:33:30","guid":{"rendered":"https:\/\/fcliege.be\/fr\/?p=25942"},"modified":"2024-07-12T18:33:31","modified_gmt":"2024-07-12T16:33:31","slug":"2024-2025-stefano-marzo-a-signe","status":"publish","type":"post","link":"https:\/\/fcliege.be\/fr\/2024-2025-stefano-marzo-a-signe\/","title":{"rendered":"2024-2025 | Stefano Marzo a sign\u00e9"},"content":{"rendered":"\n<p><\/p>\n\n\n\n<h4 class=\"wp-block-heading\"><strong>Stefano Marzo : un nouveau joueur d\u2019exp\u00e9rience au poste d\u2019arri\u00e8re droit.<\/strong><\/h4>\n\n\n\n<p>48h apr\u00e8s le transfert sortant de <strong>Benoit Nyssen<\/strong>, le Matricule 4 a finalis\u00e9 les n\u00e9gociations avec <strong>Stefano Marzo<\/strong> (33 ans) lequel a paraph\u00e9 un contrat portant sur 3 saisons.<\/p>\n\n\n\n<p>Stefano a \u00e9t\u00e9 form\u00e9 au PSV Eindhoven jusqu\u2019\u00e0 ses 21 ans. Il a \u00e9volu\u00e9 en Jupiler Pro League sous les couleurs du Beerschot et de Lokeren et en Eredivisie \u00e0 Heerenveen. Apr\u00e8s un passage \u00e0 Roda (2\u00e8me division hollandaise), il \u00e9tait ces deux derni\u00e8res saisons \u00e0 Dender o\u00f9 il a particip\u00e9 \u00e0 tous les matches (sauf 1) de la saison de la mont\u00e9e.<\/p>\n\n\n\n<p><em>\u00ab\u00a0Je suis particuli\u00e8rement heureux de rejoindre le RFCL. Une bonne partie de ma famille est li\u00e9geoise : mon p\u00e8re est n\u00e9 \u00e0 Li\u00e8ge et mon oncle y vit toujours \u00e0 quelques centaines de m\u00e8tres du Stade de Rocourt. Pour un joueur, c\u2019est important de se sentir pouss\u00e9 par le public et je sais qu\u2019\u00e0 Rocourt, ce sera le cas\u00a0\u00bb<\/em>.<\/p>\n\n\n\n<p><em>\u00ab\u00a0Stefano a les m\u00eames qualit\u00e9s offensives et d\u00e9fensives que Benoit. C\u2019est un joueur d\u2019exp\u00e9rience et un renfort certain pour l\u2019\u00e9quipe\u00a0\u00bb<\/em>, souligne <strong>Ga\u00ebtan Englebert<\/strong>.<\/p>\n","protected":false},"excerpt":{"rendered":"<p>Stefano Marzo : un nouveau joueur d\u2019exp\u00e9rience au poste d\u2019arri\u00e8re droit. 48h apr\u00e8s le transfert sortant de Benoit Nyssen, le Matricule 4 a finalis\u00e9 les n\u00e9gociations avec Stefano Marzo (33 ans) lequel a paraph\u00e9 un contrat portant sur 3 saisons. Stefano a \u00e9t\u00e9 form\u00e9 au PSV Eindhoven jusqu\u2019\u00e0 ses 21 ans. Il a \u00e9volu\u00e9 en [&hellip;]<\/p>\n","protected":false},"author":12,"featured_media":25947,"comment_status":"closed","ping_status":"closed","sticky":false,"template":"","format":"standard","meta":{"iawp_total_views":13},"categories":[24,26],"tags":[],"_links":{"self":[{"href":"https:\/\/fcliege.be\/fr\/wp-json\/wp\/v2\/posts\/25942"}],"collection":[{"href":"https:\/\/fcliege.be\/fr\/wp-json\/wp\/v2\/posts"}],"about":[{"href":"https:\/\/fcliege.be\/fr\/wp-json\/wp\/v2\/types\/post"}],"author":[{"embeddable":true,"href":"https:\/\/fcliege.be\/fr\/wp-json\/wp\/v2\/users\/12"}],"replies":[{"embeddable":true,"href":"https:\/\/fcliege.be\/fr\/wp-json\/wp\/v2\/comments?post=25942"}],"version-history":[{"count":3,"href":"https:\/\/fcliege.be\/fr\/wp-json\/wp\/v2\/posts\/25942\/revisions"}],"predecessor-version":[{"id":25945,"href":"https:\/\/fcliege.be\/fr\/wp-json\/wp\/v2\/posts\/25942\/revisions\/25945"}],"wp:featuredmedia":[{"embeddable":true,"href":"https:\/\/fcliege.be\/fr\/wp-json\/wp\/v2\/media\/25947"}],"wp:attachment":[{"href":"https:\/\/fcliege.be\/fr\/wp-json\/wp\/v2\/media?parent=25942"}],"wp:term":[{"taxonomy":"category","embeddable":true,"href":"https:\/\/fcliege.be\/fr\/wp-json\/wp\/v2\/categories?post=25942"},{"taxonomy":"post_tag","embeddable":true,"href":"https:\/\/fcliege.be\/fr\/wp-json\/wp\/v2\/tags?post=25942"}],"curies":[{"name":"wp","href":"https:\/\/api.w.org\/{rel}","templated":true}]}}