{"id":25991,"date":"2024-07-24T09:40:08","date_gmt":"2024-07-24T07:40:08","guid":{"rendered":"https:\/\/fcliege.be\/fr\/?p=25991"},"modified":"2024-07-24T09:40:36","modified_gmt":"2024-07-24T07:40:36","slug":"le-rfcl-aux-festivites-du-15-aout","status":"publish","type":"post","link":"https:\/\/fcliege.be\/fr\/le-rfcl-aux-festivites-du-15-aout\/","title":{"rendered":"Le RFCL aux festivit\u00e9s du 15 ao\u00fbt"},"content":{"rendered":"\n<p><\/p>\n\n\n\n<h4 class=\"wp-block-heading\"><strong>\u00c0 l&rsquo;occasion du 15 ao\u00fbt se tiendra une pr\u00e9sentation officielle de l&rsquo;\u00e9quipe, le 14 ao\u00fbt \u00e0 18h, sur la grande sc\u00e8ne des festivit\u00e9s, chauss\u00e9e des Pr\u00e9s.<\/strong><\/h4>\n\n\n\n<figure class=\"wp-block-image size-large\"><img decoding=\"async\" loading=\"lazy\" width=\"730\" height=\"1024\" src=\"https:\/\/fcliege.be\/fr\/wp-content\/uploads\/2024\/07\/15aout-730x1024.jpg\" alt=\"\" class=\"wp-image-25992\" srcset=\"https:\/\/fcliege.be\/fr\/wp-content\/uploads\/2024\/07\/15aout-730x1024.jpg 730w, https:\/\/fcliege.be\/fr\/wp-content\/uploads\/2024\/07\/15aout-214x300.jpg 214w, https:\/\/fcliege.be\/fr\/wp-content\/uploads\/2024\/07\/15aout-768x1077.jpg 768w, https:\/\/fcliege.be\/fr\/wp-content\/uploads\/2024\/07\/15aout.jpg 1819w\" sizes=\"(max-width: 730px) 100vw, 730px\" \/><\/figure>\n","protected":false},"excerpt":{"rendered":"<p>\u00c0 l&rsquo;occasion du 15 ao\u00fbt se tiendra une pr\u00e9sentation officielle de l&rsquo;\u00e9quipe, le 14 ao\u00fbt \u00e0 18h, sur la grande sc\u00e8ne des festivit\u00e9s, chauss\u00e9e des Pr\u00e9s.<\/p>\n","protected":false},"author":12,"featured_media":25995,"comment_status":"closed","ping_status":"closed","sticky":false,"template":"","format":"standard","meta":{"iawp_total_views":1},"categories":[1,24],"tags":[],"_links":{"self":[{"href":"https:\/\/fcliege.be\/fr\/wp-json\/wp\/v2\/posts\/25991"}],"collection":[{"href":"https:\/\/fcliege.be\/fr\/wp-json\/wp\/v2\/posts"}],"about":[{"href":"https:\/\/fcliege.be\/fr\/wp-json\/wp\/v2\/types\/post"}],"author":[{"embeddable":true,"href":"https:\/\/fcliege.be\/fr\/wp-json\/wp\/v2\/users\/12"}],"replies":[{"embeddable":true,"href":"https:\/\/fcliege.be\/fr\/wp-json\/wp\/v2\/comments?post=25991"}],"version-history":[{"count":5,"href":"https:\/\/fcliege.be\/fr\/wp-json\/wp\/v2\/posts\/25991\/revisions"}],"predecessor-version":[{"id":25998,"href":"https:\/\/fcliege.be\/fr\/wp-json\/wp\/v2\/posts\/25991\/revisions\/25998"}],"wp:featuredmedia":[{"embeddable":true,"href":"https:\/\/fcliege.be\/fr\/wp-json\/wp\/v2\/media\/25995"}],"wp:attachment":[{"href":"https:\/\/fcliege.be\/fr\/wp-json\/wp\/v2\/media?parent=25991"}],"wp:term":[{"taxonomy":"category","embeddable":true,"href":"https:\/\/fcliege.be\/fr\/wp-json\/wp\/v2\/categories?post=25991"},{"taxonomy":"post_tag","embeddable":true,"href":"https:\/\/fcliege.be\/fr\/wp-json\/wp\/v2\/tags?post=25991"}],"curies":[{"name":"wp","href":"https:\/\/api.w.org\/{rel}","templated":true}]}}