{"id":26104,"date":"2024-08-08T08:00:00","date_gmt":"2024-08-08T06:00:00","guid":{"rendered":"https:\/\/fcliege.be\/fr\/?p=26104"},"modified":"2024-08-01T14:00:56","modified_gmt":"2024-08-01T12:00:56","slug":"allons-liege-nouveau-numero","status":"publish","type":"post","link":"https:\/\/fcliege.be\/fr\/allons-liege-nouveau-numero\/","title":{"rendered":"Allons Li\u00e8ge ! | Nouveau num\u00e9ro"},"content":{"rendered":"\n<p><\/p>\n\n\n\n<h4 class=\"wp-block-heading\"><strong>Le nouveau num\u00e9ro du magazine \u00ab\u00a0Allons Li\u00e8ge !\u00a0\u00bb est disponible !<\/strong><\/h4>\n\n\n\n<p>Avec les photos du noyau : un num\u00e9ro id\u00e9al pour les d\u00e9dicaces au Fan Day le 11 ao\u00fbt.<\/p>\n\n\n\n<p><strong>Sommaire <\/strong>: <br>&#8211; \u00ab\u00a0Li\u00e8ge, c&rsquo;est le football ardent\u00a0\u00bb<br>&#8211; Ngawa-Pierrot, renforts \u00e0 dimension humaine<br>&#8211; Toutes les photos du noyau 2024-2025<br>&#8211; T\u00e9l\u00e9vie : les actions du matricule 4<\/p>\n\n\n\n<p>Disponible au fanshop ce dimanche \u00e0 l&rsquo;occasion du Fan Day !<\/p>\n\n\n\n<p><strong><a href=\"https:\/\/www.fcliege-fanshop.be\/shop\/allons-liege-1-saison-2024-2025\/\" target=\"_blank\" rel=\"noreferrer noopener\">&gt; COMMANDEZ LE MAGAZINE DES MAINTENANT SUR FCLIEGE-FANSHOP.BE<\/a><\/strong><\/p>\n\n\n\n<figure class=\"wp-block-image size-large\"><img decoding=\"async\" loading=\"lazy\" width=\"1024\" height=\"1024\" src=\"https:\/\/fcliege.be\/fr\/wp-content\/uploads\/2024\/08\/Magazine-Allons-Liege-2024-2025-numero-1-1024x1024.jpg\" alt=\"\" class=\"wp-image-26105\" srcset=\"https:\/\/fcliege.be\/fr\/wp-content\/uploads\/2024\/08\/Magazine-Allons-Liege-2024-2025-numero-1-1024x1024.jpg 1024w, https:\/\/fcliege.be\/fr\/wp-content\/uploads\/2024\/08\/Magazine-Allons-Liege-2024-2025-numero-1-300x300.jpg 300w, https:\/\/fcliege.be\/fr\/wp-content\/uploads\/2024\/08\/Magazine-Allons-Liege-2024-2025-numero-1-150x150.jpg 150w, https:\/\/fcliege.be\/fr\/wp-content\/uploads\/2024\/08\/Magazine-Allons-Liege-2024-2025-numero-1-768x768.jpg 768w, https:\/\/fcliege.be\/fr\/wp-content\/uploads\/2024\/08\/Magazine-Allons-Liege-2024-2025-numero-1.jpg 1200w\" sizes=\"(max-width: 1024px) 100vw, 1024px\" \/><\/figure>\n","protected":false},"excerpt":{"rendered":"<p>Le nouveau num\u00e9ro du magazine \u00ab\u00a0Allons Li\u00e8ge !\u00a0\u00bb est disponible ! Avec les photos du noyau : un num\u00e9ro id\u00e9al pour les d\u00e9dicaces au Fan Day le 11 ao\u00fbt. Sommaire : &#8211; \u00ab\u00a0Li\u00e8ge, c&rsquo;est le football ardent\u00a0\u00bb&#8211; Ngawa-Pierrot, renforts \u00e0 dimension humaine&#8211; Toutes les photos du noyau 2024-2025&#8211; T\u00e9l\u00e9vie : les actions du matricule 4 [&hellip;]<\/p>\n","protected":false},"author":12,"featured_media":26108,"comment_status":"closed","ping_status":"closed","sticky":false,"template":"","format":"standard","meta":{"iawp_total_views":0},"categories":[1,24],"tags":[],"_links":{"self":[{"href":"https:\/\/fcliege.be\/fr\/wp-json\/wp\/v2\/posts\/26104"}],"collection":[{"href":"https:\/\/fcliege.be\/fr\/wp-json\/wp\/v2\/posts"}],"about":[{"href":"https:\/\/fcliege.be\/fr\/wp-json\/wp\/v2\/types\/post"}],"author":[{"embeddable":true,"href":"https:\/\/fcliege.be\/fr\/wp-json\/wp\/v2\/users\/12"}],"replies":[{"embeddable":true,"href":"https:\/\/fcliege.be\/fr\/wp-json\/wp\/v2\/comments?post=26104"}],"version-history":[{"count":8,"href":"https:\/\/fcliege.be\/fr\/wp-json\/wp\/v2\/posts\/26104\/revisions"}],"predecessor-version":[{"id":26116,"href":"https:\/\/fcliege.be\/fr\/wp-json\/wp\/v2\/posts\/26104\/revisions\/26116"}],"wp:featuredmedia":[{"embeddable":true,"href":"https:\/\/fcliege.be\/fr\/wp-json\/wp\/v2\/media\/26108"}],"wp:attachment":[{"href":"https:\/\/fcliege.be\/fr\/wp-json\/wp\/v2\/media?parent=26104"}],"wp:term":[{"taxonomy":"category","embeddable":true,"href":"https:\/\/fcliege.be\/fr\/wp-json\/wp\/v2\/categories?post=26104"},{"taxonomy":"post_tag","embeddable":true,"href":"https:\/\/fcliege.be\/fr\/wp-json\/wp\/v2\/tags?post=26104"}],"curies":[{"name":"wp","href":"https:\/\/api.w.org\/{rel}","templated":true}]}}