{"id":26134,"date":"2024-08-06T13:00:00","date_gmt":"2024-08-06T11:00:00","guid":{"rendered":"https:\/\/fcliege.be\/fr\/?p=26134"},"modified":"2024-08-03T01:57:20","modified_gmt":"2024-08-02T23:57:20","slug":"fanshop-nouvelle-echarpe-5","status":"publish","type":"post","link":"https:\/\/fcliege.be\/fr\/fanshop-nouvelle-echarpe-5\/","title":{"rendered":"Fanshop | Nouvelle \u00e9charpe"},"content":{"rendered":"\n<p><\/p>\n\n\n\n<h4 class=\"wp-block-heading\"><strong>Une nouvelle \u00e9charpe \u00ab\u00a0Li\u00e8ge Ardent\u00a0\u00bb est disponible !<\/strong><\/h4>\n\n\n\n<p>Pour cette nouvelle saison, d\u00e9couvrez notre \u00e9charpe \u00ab\u00a0Li\u00e8ge Ardent\u00a0\u00bb, parfait reflet du th\u00e8me de cette ann\u00e9e, en harmonie avec l&rsquo;esprit de l&rsquo;\u00e9quipe et des supporters dans les tribunes.<\/p>\n\n\n\n<p>Achetez-la d\u00e8s maintenant en ligne mais aussi au fanshop du stade d\u00e8s le samedi 10 ao\u00fbt \u00e0 l&rsquo;occasion du match amical contre <strong>Charleroi U23 <\/strong>(17h).<\/p>\n\n\n\n<h5 class=\"wp-block-heading\"><strong><a href=\"https:\/\/www.fcliege-fanshop.be\/shop\/echarpe-football-ardent\/\" target=\"_blank\" rel=\"noreferrer noopener\">Commandez-la en ligne sur www.fcliege-fanshop.be<\/a><\/strong><\/h5>\n\n\n\n<figure class=\"wp-block-gallery has-nested-images columns-default is-cropped wp-block-gallery-1 is-layout-flex\">\n<figure class=\"wp-block-image size-large\"><img decoding=\"async\" loading=\"lazy\" width=\"1024\" height=\"1024\" data-id=\"26136\"  src=\"https:\/\/fcliege.be\/fr\/wp-content\/uploads\/2024\/08\/RFCL-Echarpe-Supporters-2025-1-1024x1024.jpg\" alt=\"\" class=\"wp-image-26136\" srcset=\"https:\/\/fcliege.be\/fr\/wp-content\/uploads\/2024\/08\/RFCL-Echarpe-Supporters-2025-1-1024x1024.jpg 1024w, https:\/\/fcliege.be\/fr\/wp-content\/uploads\/2024\/08\/RFCL-Echarpe-Supporters-2025-1-300x300.jpg 300w, https:\/\/fcliege.be\/fr\/wp-content\/uploads\/2024\/08\/RFCL-Echarpe-Supporters-2025-1-150x150.jpg 150w, https:\/\/fcliege.be\/fr\/wp-content\/uploads\/2024\/08\/RFCL-Echarpe-Supporters-2025-1-768x768.jpg 768w, https:\/\/fcliege.be\/fr\/wp-content\/uploads\/2024\/08\/RFCL-Echarpe-Supporters-2025-1.jpg 1200w\" sizes=\"(max-width: 1024px) 100vw, 1024px\" \/><\/figure>\n\n\n\n<figure class=\"wp-block-image size-large\"><img decoding=\"async\" loading=\"lazy\" width=\"1024\" height=\"1024\" data-id=\"26137\"  src=\"https:\/\/fcliege.be\/fr\/wp-content\/uploads\/2024\/08\/RFCL-Echarpe-Supporters-2025-2-1024x1024.jpg\" alt=\"\" class=\"wp-image-26137\" srcset=\"https:\/\/fcliege.be\/fr\/wp-content\/uploads\/2024\/08\/RFCL-Echarpe-Supporters-2025-2-1024x1024.jpg 1024w, https:\/\/fcliege.be\/fr\/wp-content\/uploads\/2024\/08\/RFCL-Echarpe-Supporters-2025-2-300x300.jpg 300w, https:\/\/fcliege.be\/fr\/wp-content\/uploads\/2024\/08\/RFCL-Echarpe-Supporters-2025-2-150x150.jpg 150w, https:\/\/fcliege.be\/fr\/wp-content\/uploads\/2024\/08\/RFCL-Echarpe-Supporters-2025-2-768x768.jpg 768w, https:\/\/fcliege.be\/fr\/wp-content\/uploads\/2024\/08\/RFCL-Echarpe-Supporters-2025-2.jpg 1200w\" sizes=\"(max-width: 1024px) 100vw, 1024px\" \/><\/figure>\n\n\n\n<figure class=\"wp-block-image size-large\"><img decoding=\"async\" loading=\"lazy\" width=\"1024\" height=\"1024\" data-id=\"26138\"  src=\"https:\/\/fcliege.be\/fr\/wp-content\/uploads\/2024\/08\/RFCL-Echarpe-Supporters-2025-4-1024x1024.jpg\" alt=\"\" class=\"wp-image-26138\" srcset=\"https:\/\/fcliege.be\/fr\/wp-content\/uploads\/2024\/08\/RFCL-Echarpe-Supporters-2025-4-1024x1024.jpg 1024w, https:\/\/fcliege.be\/fr\/wp-content\/uploads\/2024\/08\/RFCL-Echarpe-Supporters-2025-4-300x300.jpg 300w, https:\/\/fcliege.be\/fr\/wp-content\/uploads\/2024\/08\/RFCL-Echarpe-Supporters-2025-4-150x150.jpg 150w, https:\/\/fcliege.be\/fr\/wp-content\/uploads\/2024\/08\/RFCL-Echarpe-Supporters-2025-4-768x768.jpg 768w, https:\/\/fcliege.be\/fr\/wp-content\/uploads\/2024\/08\/RFCL-Echarpe-Supporters-2025-4.jpg 1200w\" sizes=\"(max-width: 1024px) 100vw, 1024px\" \/><\/figure>\n<\/figure>\n","protected":false},"excerpt":{"rendered":"<p>Une nouvelle \u00e9charpe \u00ab\u00a0Li\u00e8ge Ardent\u00a0\u00bb est disponible ! Pour cette nouvelle saison, d\u00e9couvrez notre \u00e9charpe \u00ab\u00a0Li\u00e8ge Ardent\u00a0\u00bb, parfait reflet du th\u00e8me de cette ann\u00e9e, en harmonie avec l&rsquo;esprit de l&rsquo;\u00e9quipe et des supporters dans les tribunes. Achetez-la d\u00e8s maintenant en ligne mais aussi au fanshop du stade d\u00e8s le samedi 10 ao\u00fbt \u00e0 l&rsquo;occasion du [&hellip;]<\/p>\n","protected":false},"author":12,"featured_media":26143,"comment_status":"closed","ping_status":"closed","sticky":false,"template":"","format":"standard","meta":{"iawp_total_views":7},"categories":[24,28],"tags":[],"_links":{"self":[{"href":"https:\/\/fcliege.be\/fr\/wp-json\/wp\/v2\/posts\/26134"}],"collection":[{"href":"https:\/\/fcliege.be\/fr\/wp-json\/wp\/v2\/posts"}],"about":[{"href":"https:\/\/fcliege.be\/fr\/wp-json\/wp\/v2\/types\/post"}],"author":[{"embeddable":true,"href":"https:\/\/fcliege.be\/fr\/wp-json\/wp\/v2\/users\/12"}],"replies":[{"embeddable":true,"href":"https:\/\/fcliege.be\/fr\/wp-json\/wp\/v2\/comments?post=26134"}],"version-history":[{"count":6,"href":"https:\/\/fcliege.be\/fr\/wp-json\/wp\/v2\/posts\/26134\/revisions"}],"predecessor-version":[{"id":26144,"href":"https:\/\/fcliege.be\/fr\/wp-json\/wp\/v2\/posts\/26134\/revisions\/26144"}],"wp:featuredmedia":[{"embeddable":true,"href":"https:\/\/fcliege.be\/fr\/wp-json\/wp\/v2\/media\/26143"}],"wp:attachment":[{"href":"https:\/\/fcliege.be\/fr\/wp-json\/wp\/v2\/media?parent=26134"}],"wp:term":[{"taxonomy":"category","embeddable":true,"href":"https:\/\/fcliege.be\/fr\/wp-json\/wp\/v2\/categories?post=26134"},{"taxonomy":"post_tag","embeddable":true,"href":"https:\/\/fcliege.be\/fr\/wp-json\/wp\/v2\/tags?post=26134"}],"curies":[{"name":"wp","href":"https:\/\/api.w.org\/{rel}","templated":true}]}}